{"id":83082,"date":"2024-09-03T12:32:02","date_gmt":"2024-09-03T15:32:02","guid":{"rendered":"https:\/\/www.todoeldia.com\/?p=83082"},"modified":"2024-09-03T12:32:03","modified_gmt":"2024-09-03T15:32:03","slug":"se-inauguro-la-imagen-de-la-virgen-del-valle-mas-grande-del-mundo-en-el-rodeo-en-catamarca","status":"publish","type":"post","link":"https:\/\/www.todoeldia.com\/index.php\/2024\/09\/03\/se-inauguro-la-imagen-de-la-virgen-del-valle-mas-grande-del-mundo-en-el-rodeo-en-catamarca\/","title":{"rendered":"Se inaugur\u00f3 la imagen de la Virgen del Valle m\u00e1s grande del mundo en El Rodeo en Catamarca"},"content":{"rendered":"\n<p>En la tarde de este martes se llev\u00f3 a cabo la inauguraci\u00f3n oficial del monumento a la Virgen del Valle en la localidad tur\u00edstica de El Rodeo que mide 44 metros.<\/p>\n\n\n\n<p>La impresionante obra se extiende desde el camino de la Ruta Provincial N\u00b0 4 hasta la cima de la monta\u00f1a, abarcando una distancia de 5.900 metros. El lugar fue elegido estrat\u00e9gicamente para ofrecer una vista panor\u00e1mica que incluye las localidades de La Puerta, El Rodeo y Las Juntas.<\/p>\n\n\n\n<figure class=\"wp-block-image size-full is-resized\"><img loading=\"lazy\" decoding=\"async\" width=\"729\" height=\"729\" src=\"https:\/\/www.todoeldia.com\/wp-content\/uploads\/2024\/09\/image-19.png\" alt=\"\" class=\"wp-image-83084\" style=\"width:1068px;height:auto\" srcset=\"https:\/\/www.todoeldia.com\/wp-content\/uploads\/2024\/09\/image-19.png 729w, https:\/\/www.todoeldia.com\/wp-content\/uploads\/2024\/09\/image-19-300x300.png 300w, https:\/\/www.todoeldia.com\/wp-content\/uploads\/2024\/09\/image-19-150x150.png 150w, https:\/\/www.todoeldia.com\/wp-content\/uploads\/2024\/09\/image-19-420x420.png 420w, https:\/\/www.todoeldia.com\/wp-content\/uploads\/2024\/09\/image-19-696x696.png 696w\" sizes=\"auto, (max-width: 729px) 100vw, 729px\" \/><\/figure>\n\n\n\n<p>Es importante recordar que quienes deseen visitar este monumental sitio deber\u00e1n esperar hasta el s\u00e1bado, fecha que coincide con el vig\u00e9simo aniversario del sismo y la celebraci\u00f3n de la Fiesta de la Protecci\u00f3n.<\/p>\n\n\n\n<p>Detalles de la obra<\/p>\n\n\n\n<p>Walter Dagostini, el creador del gran proyecto, coment\u00f3 a Radio El Esqui\u00fa que la obra \u00abse construy\u00f3 sobre el cerro Ambato\u00bb, cerca de la localidad de El Rodeo, y destac\u00f3 que esta busca ser un punto de atractivo tur\u00edstico, principalmente para el turismo religioso.<\/p>\n\n\n\n<figure class=\"wp-block-image size-full is-resized\"><img loading=\"lazy\" decoding=\"async\" width=\"768\" height=\"960\" src=\"https:\/\/www.todoeldia.com\/wp-content\/uploads\/2024\/09\/image-20.png\" alt=\"\" class=\"wp-image-83085\" style=\"width:1068px;height:auto\" srcset=\"https:\/\/www.todoeldia.com\/wp-content\/uploads\/2024\/09\/image-20.png 768w, https:\/\/www.todoeldia.com\/wp-content\/uploads\/2024\/09\/image-20-240x300.png 240w, https:\/\/www.todoeldia.com\/wp-content\/uploads\/2024\/09\/image-20-336x420.png 336w, https:\/\/www.todoeldia.com\/wp-content\/uploads\/2024\/09\/image-20-300x375.png 300w, https:\/\/www.todoeldia.com\/wp-content\/uploads\/2024\/09\/image-20-696x870.png 696w\" sizes=\"auto, (max-width: 768px) 100vw, 768px\" \/><\/figure>\n\n\n\n<p>\u00abYo fui el de la idea, fui quien construy\u00f3, arm\u00f3, dise\u00f1\u00f3 todo\u00bb, afirm\u00f3 y agreg\u00f3: \u00abEstuve con mucha gente de Catamarca trabajando, con muchos colaboradores, as\u00ed que es digno de verla\u00bb.<\/p>\n\n\n\n<p>El proyecto fue nombrado \u00abCamino de la Fe\u00bb y tiene dos etapas. En la primera, se inaugura la imagen que ya se erige en lo alto del cerro. \u00abLa obra est\u00e1 dividida en dos etapas, una la que inauguramos hoy, que es la parte de la Virgen, y la otra va a ser la parte de recepci\u00f3n, abajo, que se est\u00e1 construyendo, no est\u00e1 terminado\u00bb, explic\u00f3.<\/p>\n\n\n\n<figure class=\"wp-block-image size-full is-resized\"><img loading=\"lazy\" decoding=\"async\" width=\"717\" height=\"758\" src=\"https:\/\/www.todoeldia.com\/wp-content\/uploads\/2024\/09\/image-21.png\" alt=\"\" class=\"wp-image-83086\" style=\"width:1068px;height:auto\" srcset=\"https:\/\/www.todoeldia.com\/wp-content\/uploads\/2024\/09\/image-21.png 717w, https:\/\/www.todoeldia.com\/wp-content\/uploads\/2024\/09\/image-21-284x300.png 284w, https:\/\/www.todoeldia.com\/wp-content\/uploads\/2024\/09\/image-21-397x420.png 397w, https:\/\/www.todoeldia.com\/wp-content\/uploads\/2024\/09\/image-21-300x317.png 300w, https:\/\/www.todoeldia.com\/wp-content\/uploads\/2024\/09\/image-21-696x736.png 696w\" sizes=\"auto, (max-width: 717px) 100vw, 717px\" \/><\/figure>\n\n\n\n<p>La segunda etapa se espera completar en un a\u00f1o o m\u00e1s. Inspirado en especial por su madre, quien fue devota de la Virgen del Valle, afirm\u00f3 que el proyecto \u00abes el orgullo m\u00e1s grande que vamos a tener nosotros\u00bb, se\u00f1alando adem\u00e1s que es una obra que se realiz\u00f3 con la colaboraci\u00f3n de numerosos catamarque\u00f1os.<\/p>\n","protected":false},"excerpt":{"rendered":"<p>En la tarde de este martes se llev\u00f3 a cabo la inauguraci\u00f3n oficial del monumento a la Virgen del Valle en la localidad tur\u00edstica de El Rodeo que mide 44 metros. La impresionante obra se extiende desde el camino de la Ruta Provincial N\u00b0 4 hasta la cima de la monta\u00f1a, abarcando una distancia de [&hellip;]<\/p>\n","protected":false},"author":2,"featured_media":83083,"comment_status":"open","ping_status":"open","sticky":false,"template":"","format":"standard","meta":{"tdm_status":"","tdm_grid_status":"","_joinchat":[],"footnotes":""},"categories":[73],"tags":[],"class_list":{"0":"post-83082","1":"post","2":"type-post","3":"status-publish","4":"format-standard","5":"has-post-thumbnail","7":"category-noticias-general"},"amp_enabled":true,"_links":{"self":[{"href":"https:\/\/www.todoeldia.com\/index.php\/wp-json\/wp\/v2\/posts\/83082","targetHints":{"allow":["GET"]}}],"collection":[{"href":"https:\/\/www.todoeldia.com\/index.php\/wp-json\/wp\/v2\/posts"}],"about":[{"href":"https:\/\/www.todoeldia.com\/index.php\/wp-json\/wp\/v2\/types\/post"}],"author":[{"embeddable":true,"href":"https:\/\/www.todoeldia.com\/index.php\/wp-json\/wp\/v2\/users\/2"}],"replies":[{"embeddable":true,"href":"https:\/\/www.todoeldia.com\/index.php\/wp-json\/wp\/v2\/comments?post=83082"}],"version-history":[{"count":1,"href":"https:\/\/www.todoeldia.com\/index.php\/wp-json\/wp\/v2\/posts\/83082\/revisions"}],"predecessor-version":[{"id":83087,"href":"https:\/\/www.todoeldia.com\/index.php\/wp-json\/wp\/v2\/posts\/83082\/revisions\/83087"}],"wp:featuredmedia":[{"embeddable":true,"href":"https:\/\/www.todoeldia.com\/index.php\/wp-json\/wp\/v2\/media\/83083"}],"wp:attachment":[{"href":"https:\/\/www.todoeldia.com\/index.php\/wp-json\/wp\/v2\/media?parent=83082"}],"wp:term":[{"taxonomy":"category","embeddable":true,"href":"https:\/\/www.todoeldia.com\/index.php\/wp-json\/wp\/v2\/categories?post=83082"},{"taxonomy":"post_tag","embeddable":true,"href":"https:\/\/www.todoeldia.com\/index.php\/wp-json\/wp\/v2\/tags?post=83082"}],"curies":[{"name":"wp","href":"https:\/\/api.w.org\/{rel}","templated":true}]}}