{"id":83088,"date":"2024-09-03T12:57:23","date_gmt":"2024-09-03T15:57:23","guid":{"rendered":"https:\/\/www.todoeldia.com\/?p=83088"},"modified":"2024-09-03T12:57:24","modified_gmt":"2024-09-03T15:57:24","slug":"en-cafayate-motociclista-tucumano-choco-con-una-camioneta-y-termino-arriba-del-capot","status":"publish","type":"post","link":"https:\/\/www.todoeldia.com\/index.php\/2024\/09\/03\/en-cafayate-motociclista-tucumano-choco-con-una-camioneta-y-termino-arriba-del-capot\/","title":{"rendered":"En Cafayate motociclista tucumano choco con una camioneta y termino arriba del capot"},"content":{"rendered":"\n<p>El pasado s\u00e1bado a las 12:40 horas, se produjo un accidente de tr\u00e1nsito en el kil\u00f3metro 20 de la Ruta 68, que involucr\u00f3 a una camioneta Chevrolet S10 y una motocicleta Benelli negra. El siniestro tuvo lugar mientras la camioneta, conducida por un salte\u00f1o de 38 a\u00f1os originario de Salta, se desplazaba de norte a sur.<\/p>\n\n\n\n<p>La colisi\u00f3n dej\u00f3 como resultado al motociclista, tambi\u00e9n de 38 a\u00f1os, quien es oriundo de Tucum\u00e1n, con lesiones de consideraci\u00f3n. A ra\u00edz del impacto, el motociclista qued\u00f3 en el capot de la camioneta, aunque se encontraba consciente en el momento del accidente.<\/p>\n\n\n\n<p>Un m\u00e9dico que pasaba por el lugar brind\u00f3 la primera asistencia al lesionado, quien fue posteriormente trasladado al hospital de Cafayate, donde se le diagnosticaron traumatismos m\u00faltiples.<\/p>\n\n\n\n<p>Las autoridades de tr\u00e1nsito se presentaron en la escena del accidente para llevar a cabo un dosaje a ambos conductores y realizar las pericias correspondientes de criminal\u00edstica, con el fin de esclarecer las circunstancias que llevaron a este desafortunado incidente.<\/p>\n\n\n\n<p>Las autoridades contin\u00faan investigando el suceso para determinar responsabilidades y fomentar la seguridad vial en la zona.<\/p>\n","protected":false},"excerpt":{"rendered":"<p>El pasado s\u00e1bado a las 12:40 horas, se produjo un accidente de tr\u00e1nsito en el kil\u00f3metro 20 de la Ruta 68, que involucr\u00f3 a una camioneta Chevrolet S10 y una motocicleta Benelli negra. El siniestro tuvo lugar mientras la camioneta, conducida por un salte\u00f1o de 38 a\u00f1os originario de Salta, se desplazaba de norte a [&hellip;]<\/p>\n","protected":false},"author":2,"featured_media":83089,"comment_status":"open","ping_status":"open","sticky":false,"template":"","format":"standard","meta":{"tdm_status":"","tdm_grid_status":"","_joinchat":[],"footnotes":""},"categories":[63],"tags":[],"class_list":{"0":"post-83088","1":"post","2":"type-post","3":"status-publish","4":"format-standard","5":"has-post-thumbnail","7":"category-policiales"},"amp_enabled":true,"_links":{"self":[{"href":"https:\/\/www.todoeldia.com\/index.php\/wp-json\/wp\/v2\/posts\/83088","targetHints":{"allow":["GET"]}}],"collection":[{"href":"https:\/\/www.todoeldia.com\/index.php\/wp-json\/wp\/v2\/posts"}],"about":[{"href":"https:\/\/www.todoeldia.com\/index.php\/wp-json\/wp\/v2\/types\/post"}],"author":[{"embeddable":true,"href":"https:\/\/www.todoeldia.com\/index.php\/wp-json\/wp\/v2\/users\/2"}],"replies":[{"embeddable":true,"href":"https:\/\/www.todoeldia.com\/index.php\/wp-json\/wp\/v2\/comments?post=83088"}],"version-history":[{"count":1,"href":"https:\/\/www.todoeldia.com\/index.php\/wp-json\/wp\/v2\/posts\/83088\/revisions"}],"predecessor-version":[{"id":83090,"href":"https:\/\/www.todoeldia.com\/index.php\/wp-json\/wp\/v2\/posts\/83088\/revisions\/83090"}],"wp:featuredmedia":[{"embeddable":true,"href":"https:\/\/www.todoeldia.com\/index.php\/wp-json\/wp\/v2\/media\/83089"}],"wp:attachment":[{"href":"https:\/\/www.todoeldia.com\/index.php\/wp-json\/wp\/v2\/media?parent=83088"}],"wp:term":[{"taxonomy":"category","embeddable":true,"href":"https:\/\/www.todoeldia.com\/index.php\/wp-json\/wp\/v2\/categories?post=83088"},{"taxonomy":"post_tag","embeddable":true,"href":"https:\/\/www.todoeldia.com\/index.php\/wp-json\/wp\/v2\/tags?post=83088"}],"curies":[{"name":"wp","href":"https:\/\/api.w.org\/{rel}","templated":true}]}}