{"id":8313,"date":"2020-10-12T12:05:15","date_gmt":"2020-10-12T15:05:15","guid":{"rendered":"https:\/\/www.todoeldia.com\/?p=8313"},"modified":"2020-10-12T12:59:35","modified_gmt":"2020-10-12T15:59:35","slug":"sin-anuncio-oficial-las-aerolineas-reprogramaron-sus-vuelos-regulares-para-el-19-de-octubre","status":"publish","type":"post","link":"https:\/\/www.todoeldia.com\/index.php\/2020\/10\/12\/sin-anuncio-oficial-las-aerolineas-reprogramaron-sus-vuelos-regulares-para-el-19-de-octubre\/","title":{"rendered":"Sin anuncio oficial, las aerol\u00edneas reprogramaron sus vuelos regulares para el 19 de octubre"},"content":{"rendered":"\n<p>Se espera que esta semana haya definiciones sobre el regreso de las operaciones comerciales, luego de casi siete meses de suspensi\u00f3n<\/p>\n\n\n\n<p>En el sector aerocomercial se esperaba para esta semana el reinicio de los vuelos regulares, internacionales y de cabotaje. Es m\u00e1s: hasta \u00faltimo momento, la expectativa era que el anuncio oficial fuera realizado por el presidente Alberto Fern\u00e1ndez, el viernes pasado, durante la presentaci\u00f3n de las medidas de extensi\u00f3n de la cuarentena.<\/p>\n\n\n\n<p>Sin embargo, ante la falta de confirmaci\u00f3n sobre la fecha de regreso de las operaciones, las aerol\u00edneas que operan en el mercado interno \u2014Aerol\u00edneas Argentinas, Flybondi y Jetsmart\u2014 ya&nbsp;reprogramaron el reinicio de sus vuelos regulares a partir del lunes 19 de octubre, seg\u00fan confirmaron a&nbsp;Infobae. En esa fecha, se cumplir\u00e1n siete meses desde su suspensi\u00f3n, a trav\u00e9s del decreto que estableci\u00f3 las medidas de aislamiento social, preventivo y obligatorio.<\/p>\n\n\n\n<p><em>Se espera que la definici\u00f3n de la fecha llegue a fines de esta semana. En primer lugar, deber\u00e1 publicarse un decreto del Poder Ejecutivo donde se levanten las restricciones vigentes<\/em><\/p>\n\n\n\n<p>\u00bfLa tercera ser\u00e1 la vencida? El reinicio de los vuelos se esperaba en primer lugar, para el 1\u00ba de septiembre, la fecha a partir de la que estaba permitida la venta de pasajes, seg\u00fan una resoluci\u00f3n de la Administraci\u00f3n Nacional de Aviaci\u00f3n Civil (Anac). Luego la fecha de partida se traslad\u00f3 al 1\u00ba de octubre y m\u00e1s recientemente a mediados de este mes, seg\u00fan declaraciones del ministro de Transporte,&nbsp;Mario Meoni.<\/p>\n","protected":false},"excerpt":{"rendered":"<p>Se espera que esta semana haya definiciones sobre el regreso de las operaciones comerciales, luego de casi siete meses de suspensi\u00f3n En el sector aerocomercial se esperaba para esta semana el reinicio de los vuelos regulares, internacionales y de cabotaje. Es m\u00e1s: hasta \u00faltimo momento, la expectativa era que el anuncio oficial fuera realizado por [&hellip;]<\/p>\n","protected":false},"author":2,"featured_media":8314,"comment_status":"open","ping_status":"open","sticky":false,"template":"","format":"standard","meta":{"tdm_status":"","tdm_grid_status":"","_joinchat":[],"footnotes":""},"categories":[73],"tags":[],"class_list":{"0":"post-8313","1":"post","2":"type-post","3":"status-publish","4":"format-standard","5":"has-post-thumbnail","7":"category-noticias-general"},"amp_enabled":true,"_links":{"self":[{"href":"https:\/\/www.todoeldia.com\/index.php\/wp-json\/wp\/v2\/posts\/8313","targetHints":{"allow":["GET"]}}],"collection":[{"href":"https:\/\/www.todoeldia.com\/index.php\/wp-json\/wp\/v2\/posts"}],"about":[{"href":"https:\/\/www.todoeldia.com\/index.php\/wp-json\/wp\/v2\/types\/post"}],"author":[{"embeddable":true,"href":"https:\/\/www.todoeldia.com\/index.php\/wp-json\/wp\/v2\/users\/2"}],"replies":[{"embeddable":true,"href":"https:\/\/www.todoeldia.com\/index.php\/wp-json\/wp\/v2\/comments?post=8313"}],"version-history":[{"count":1,"href":"https:\/\/www.todoeldia.com\/index.php\/wp-json\/wp\/v2\/posts\/8313\/revisions"}],"predecessor-version":[{"id":8315,"href":"https:\/\/www.todoeldia.com\/index.php\/wp-json\/wp\/v2\/posts\/8313\/revisions\/8315"}],"wp:featuredmedia":[{"embeddable":true,"href":"https:\/\/www.todoeldia.com\/index.php\/wp-json\/wp\/v2\/media\/8314"}],"wp:attachment":[{"href":"https:\/\/www.todoeldia.com\/index.php\/wp-json\/wp\/v2\/media?parent=8313"}],"wp:term":[{"taxonomy":"category","embeddable":true,"href":"https:\/\/www.todoeldia.com\/index.php\/wp-json\/wp\/v2\/categories?post=8313"},{"taxonomy":"post_tag","embeddable":true,"href":"https:\/\/www.todoeldia.com\/index.php\/wp-json\/wp\/v2\/tags?post=8313"}],"curies":[{"name":"wp","href":"https:\/\/api.w.org\/{rel}","templated":true}]}}