{"id":83157,"date":"2024-09-04T16:38:16","date_gmt":"2024-09-04T19:38:16","guid":{"rendered":"https:\/\/www.todoeldia.com\/?p=83157"},"modified":"2024-09-04T16:38:17","modified_gmt":"2024-09-04T19:38:17","slug":"se-dieron-a-conocer-los-nominados-al-balon-de-oro-dibu-martinez-y-lautaro-martinez-entre-los-candidatos","status":"publish","type":"post","link":"https:\/\/www.todoeldia.com\/index.php\/2024\/09\/04\/se-dieron-a-conocer-los-nominados-al-balon-de-oro-dibu-martinez-y-lautaro-martinez-entre-los-candidatos\/","title":{"rendered":"Se dieron a conocer los nominados al Bal\u00f3n de Oro: Dibu Mart\u00ednez y Lautaro Mart\u00ednez, entre los candidatos"},"content":{"rendered":"\n<p>El arquero del Aston Villa y el goleador del Inter est\u00e1n entre los nominados al premio que se entregar\u00e1 el 28 de octubre en Par\u00eds.<\/p>\n\n\n\n<p>Este mi\u00e9rcoles se dieron a conocer qui\u00e9nes son los nominados para el Bal\u00f3n de Oro, el cl\u00e1sico premio que reciben los mejores futbolistas de la temporada europea que otorga la prestigiosa revista France Football y el cual el argentino Lionel Messi ostenta el r\u00e9cord al ser el m\u00e1ximo ganador de la historia con ocho galardones.<\/p>\n\n\n\n<p>En el anuncio del sitio oficial del Bal\u00f3n de Oro, el primero en salir como uno de los nominados fue Emiliano Dibu Mart\u00ednez, arquero del Aston Villa y la selecci\u00f3n argentina, quien tambi\u00e9n es candidato al premio al mejor arquero de la temporada. Lo siguieron el uruguayo Federico Valverde (Real Madrid), Ruben Dias (Manchester City), Phil Foden (Manchester City) y Jude Bellingham (Real Madrid). M\u00e1s tarde, lleg\u00f3 el momento de Lautaro Mart\u00ednez, el goleador de Inter, quien tambi\u00e9n qued\u00f3 entre los candidatos.<\/p>\n\n\n\n<figure class=\"wp-block-image size-full is-resized\"><img loading=\"lazy\" decoding=\"async\" width=\"763\" height=\"450\" src=\"https:\/\/www.todoeldia.com\/wp-content\/uploads\/2023\/10\/scaloni-azul.jpg\" alt=\"\" class=\"wp-image-65953\" style=\"width:1068px;height:auto\" srcset=\"https:\/\/www.todoeldia.com\/wp-content\/uploads\/2023\/10\/scaloni-azul.jpg 763w, https:\/\/www.todoeldia.com\/wp-content\/uploads\/2023\/10\/scaloni-azul-300x177.jpg 300w, https:\/\/www.todoeldia.com\/wp-content\/uploads\/2023\/10\/scaloni-azul-696x410.jpg 696w, https:\/\/www.todoeldia.com\/wp-content\/uploads\/2023\/10\/scaloni-azul-712x420.jpg 712w\" sizes=\"auto, (max-width: 763px) 100vw, 763px\" \/><\/figure>\n\n\n\n<p>Junto al delantero bahiense estuvieron presentados en la tanda el franc\u00e9s Kylian Mbapp\u00e9 (Real Madrid y PSG), Ademola Lookman (Atalanta), Antonio R\u00fcdiger (Real Madrid) y Alejandro Grimaldo (Bayer Leverkusen).<\/p>\n\n\n\n<p>Por otro lado, hay tres argentinos nominados en otras categor\u00edas que ser\u00e1n entregadas en la gala del Bal\u00f3n de Oro. Lionel Scaloni es uno de los candidatos a ganar la distinci\u00f3n al entrenador masculino de la temporada, Emiliano Dibu Mart\u00ednez fue nominado para el premio Yachine (ya lo gan\u00f3 tras su actuaci\u00f3n en el Mundial de Qatar 2022) y Alejandro Garnacho competir\u00e1 por para el Premio Kopa al mejor jugador Sub 21 del mundo.<\/p>\n\n\n\n<p>En la segunda tanda quedaron nominados Erling Haaland (Manchester City), Nico Williams (Athletic Bilbao), Grant Xhaka (Bayer Leverkusen), Artem Dovbik (AS Roma) y Toni Kroos (Real Madrid, retirado). Luego lleg\u00f3 el turno para el brasile\u00f1o Vinicius Junior (Real Madrid), Dani Olmo (FC Barcelon y Leipzig), Florian Wirtz (Bayer Leverkusen), Martin \u00d6degaard (Arsenal) y Mats Hummels (Borussia Dortmund).<\/p>\n\n\n\n<p>En una nueva entrega, Rodri (Manchester City), Harry Kane (Bayern M\u00fanich), Declan Rice (Arsenal), Vitinha (PSG), Cole Palmer (Chelsea), William Saliba (Arsenal), Hakan \u00c7alhano\u011flu (Inter), Bukayo Saka (Arsenal), Lamine Yamal (Barcelona) y Dani Carvajal (Real Madrid) fueron desvelados como otros de los aspirantes al Bal\u00f3n de Oro.<\/p>\n","protected":false},"excerpt":{"rendered":"<p>El arquero del Aston Villa y el goleador del Inter est\u00e1n entre los nominados al premio que se entregar\u00e1 el 28 de octubre en Par\u00eds. Este mi\u00e9rcoles se dieron a conocer qui\u00e9nes son los nominados para el Bal\u00f3n de Oro, el cl\u00e1sico premio que reciben los mejores futbolistas de la temporada europea que otorga la [&hellip;]<\/p>\n","protected":false},"author":2,"featured_media":55479,"comment_status":"open","ping_status":"open","sticky":false,"template":"","format":"standard","meta":{"tdm_status":"","tdm_grid_status":"","_joinchat":[],"footnotes":""},"categories":[62],"tags":[],"class_list":{"0":"post-83157","1":"post","2":"type-post","3":"status-publish","4":"format-standard","5":"has-post-thumbnail","7":"category-deportes"},"amp_enabled":true,"_links":{"self":[{"href":"https:\/\/www.todoeldia.com\/index.php\/wp-json\/wp\/v2\/posts\/83157","targetHints":{"allow":["GET"]}}],"collection":[{"href":"https:\/\/www.todoeldia.com\/index.php\/wp-json\/wp\/v2\/posts"}],"about":[{"href":"https:\/\/www.todoeldia.com\/index.php\/wp-json\/wp\/v2\/types\/post"}],"author":[{"embeddable":true,"href":"https:\/\/www.todoeldia.com\/index.php\/wp-json\/wp\/v2\/users\/2"}],"replies":[{"embeddable":true,"href":"https:\/\/www.todoeldia.com\/index.php\/wp-json\/wp\/v2\/comments?post=83157"}],"version-history":[{"count":1,"href":"https:\/\/www.todoeldia.com\/index.php\/wp-json\/wp\/v2\/posts\/83157\/revisions"}],"predecessor-version":[{"id":83158,"href":"https:\/\/www.todoeldia.com\/index.php\/wp-json\/wp\/v2\/posts\/83157\/revisions\/83158"}],"wp:featuredmedia":[{"embeddable":true,"href":"https:\/\/www.todoeldia.com\/index.php\/wp-json\/wp\/v2\/media\/55479"}],"wp:attachment":[{"href":"https:\/\/www.todoeldia.com\/index.php\/wp-json\/wp\/v2\/media?parent=83157"}],"wp:term":[{"taxonomy":"category","embeddable":true,"href":"https:\/\/www.todoeldia.com\/index.php\/wp-json\/wp\/v2\/categories?post=83157"},{"taxonomy":"post_tag","embeddable":true,"href":"https:\/\/www.todoeldia.com\/index.php\/wp-json\/wp\/v2\/tags?post=83157"}],"curies":[{"name":"wp","href":"https:\/\/api.w.org\/{rel}","templated":true}]}}