{"id":83283,"date":"2024-09-06T14:40:38","date_gmt":"2024-09-06T17:40:38","guid":{"rendered":"https:\/\/www.todoeldia.com\/?p=83283"},"modified":"2024-09-06T14:40:39","modified_gmt":"2024-09-06T17:40:39","slug":"prision-preventiva-para-2-hombres-que-perforaron-un-techo-para-robar-una-caja-fuerte-en-r-de-la-frontera","status":"publish","type":"post","link":"https:\/\/www.todoeldia.com\/index.php\/2024\/09\/06\/prision-preventiva-para-2-hombres-que-perforaron-un-techo-para-robar-una-caja-fuerte-en-r-de-la-frontera\/","title":{"rendered":"Prisi\u00f3n preventiva para 2 hombres que perforaron un techo para robar una caja fuerte en R\u00b0 de la Frontera"},"content":{"rendered":"\n<p>El juez de Garant\u00edas de Met\u00e1n Mario Dilascio dict\u00f3 la prisi\u00f3n preventiva de dos hombres de 33 y 49 a\u00f1os de edad como presuntos autores responsables del delito de robo en poblado y en banda con perforaci\u00f3n de un techo.<\/p>\n\n\n\n<p>Las detenciones se produjeron en agosto mientras que el hecho imputado se produjo en junio, en Rosario de la Frontera.<\/p>\n\n\n\n<p>Para concretar el robo los part\u00edcipes emplearon tecnolog\u00eda que incluy\u00f3 un inhibidor para antenas, c\u00e1maras y medidas de seguridad inform\u00e1tica. Con esta tecnolog\u00eda concretaron el robo.<\/p>\n\n\n\n<p>En el avance investigativo realizado por personal de la Brigada de Investigaciones, se individualiz\u00f3 a tres personas que habr\u00edan tenido participaci\u00f3n en el robo ocurrido el pasado 2 de junio en un supermercado de esa ciudad, donde de manera organizada, irrumpieron en el local tras perforar el techo de chapas.<\/p>\n\n\n\n<p>Seg\u00fan pudo establecerse, el acusado de 33 a\u00f1os habr\u00eda sido el ide\u00f3logo del il\u00edcito y vali\u00e9ndose de la informaci\u00f3n aportada por la mujer imputada, quien era empleada y persona de confianza del damnificado, habr\u00edan repartido roles para su realizaci\u00f3n.<\/p>\n\n\n\n<p>Si bien no pudieron violentar la caja de seguridad del local, sustrajeron otros bienes que encontraron en el lugar.<\/p>\n\n\n\n<p>Uno de los imputados tiene adem\u00e1s otras dos causas en tr\u00e1mite, una de ellas en instancia de juicio.<\/p>\n","protected":false},"excerpt":{"rendered":"<p>El juez de Garant\u00edas de Met\u00e1n Mario Dilascio dict\u00f3 la prisi\u00f3n preventiva de dos hombres de 33 y 49 a\u00f1os de edad como presuntos autores responsables del delito de robo en poblado y en banda con perforaci\u00f3n de un techo. Las detenciones se produjeron en agosto mientras que el hecho imputado se produjo en junio, [&hellip;]<\/p>\n","protected":false},"author":2,"featured_media":81901,"comment_status":"open","ping_status":"open","sticky":false,"template":"","format":"standard","meta":{"tdm_status":"","tdm_grid_status":"","_joinchat":[],"footnotes":""},"categories":[63],"tags":[],"class_list":{"0":"post-83283","1":"post","2":"type-post","3":"status-publish","4":"format-standard","5":"has-post-thumbnail","7":"category-policiales"},"amp_enabled":true,"_links":{"self":[{"href":"https:\/\/www.todoeldia.com\/index.php\/wp-json\/wp\/v2\/posts\/83283","targetHints":{"allow":["GET"]}}],"collection":[{"href":"https:\/\/www.todoeldia.com\/index.php\/wp-json\/wp\/v2\/posts"}],"about":[{"href":"https:\/\/www.todoeldia.com\/index.php\/wp-json\/wp\/v2\/types\/post"}],"author":[{"embeddable":true,"href":"https:\/\/www.todoeldia.com\/index.php\/wp-json\/wp\/v2\/users\/2"}],"replies":[{"embeddable":true,"href":"https:\/\/www.todoeldia.com\/index.php\/wp-json\/wp\/v2\/comments?post=83283"}],"version-history":[{"count":1,"href":"https:\/\/www.todoeldia.com\/index.php\/wp-json\/wp\/v2\/posts\/83283\/revisions"}],"predecessor-version":[{"id":83284,"href":"https:\/\/www.todoeldia.com\/index.php\/wp-json\/wp\/v2\/posts\/83283\/revisions\/83284"}],"wp:featuredmedia":[{"embeddable":true,"href":"https:\/\/www.todoeldia.com\/index.php\/wp-json\/wp\/v2\/media\/81901"}],"wp:attachment":[{"href":"https:\/\/www.todoeldia.com\/index.php\/wp-json\/wp\/v2\/media?parent=83283"}],"wp:term":[{"taxonomy":"category","embeddable":true,"href":"https:\/\/www.todoeldia.com\/index.php\/wp-json\/wp\/v2\/categories?post=83283"},{"taxonomy":"post_tag","embeddable":true,"href":"https:\/\/www.todoeldia.com\/index.php\/wp-json\/wp\/v2\/tags?post=83283"}],"curies":[{"name":"wp","href":"https:\/\/api.w.org\/{rel}","templated":true}]}}