{"id":8340,"date":"2020-10-12T21:29:45","date_gmt":"2020-10-13T00:29:45","guid":{"rendered":"https:\/\/www.todoeldia.com\/?p=8340"},"modified":"2020-10-12T21:29:46","modified_gmt":"2020-10-13T00:29:46","slug":"justicia-independiente-basta-de-inseguridad-y-una-agenda-para-el-pueblo-las-consignas-escuchadas-en-el-banderazo","status":"publish","type":"post","link":"https:\/\/www.todoeldia.com\/index.php\/2020\/10\/12\/justicia-independiente-basta-de-inseguridad-y-una-agenda-para-el-pueblo-las-consignas-escuchadas-en-el-banderazo\/","title":{"rendered":"\u201cJusticia independiente&#8221;, \u201cbasta de inseguridad\u201d y &#8220;una agenda para el pueblo\u201d: las consignas escuchadas en el banderazo"},"content":{"rendered":"\n<p>Una multitud se moviliz\u00f3 en diferentes puntos del pa\u00eds, como la Quinta de Olivos, Mar del Plata, Tucum\u00e1n, C\u00f3rdoba, Salta y el Obelisco.<\/p>\n\n\n\n<p>El banderazo del #12O contra el Gobierno se despleg\u00f3 en distintos puntos del pa\u00eds y, en cada una de las convocatorias, se escucharon consignas diferentes que motivaron los reclamos: desde la inseguridad hasta la defensa de la justicia.<\/p>\n\n\n\n<p>\u201cVenimos a pedir por\u00a0una Justicia que condene a los corruptos.\u00a0Queremos un\u00a0pa\u00eds libre\u00a0y que se vayan los ladrones que quieren llevarnos a ser\u00a0Venezuela,\u00a0porque queremos seguir viviendo en la Argentina\u201d, pidi\u00f3 un grupo de mujeres que protestaba golpeando sus cacerolas en los alrededores del Obelisco.<\/p>\n\n\n\n<figure class=\"wp-block-image size-large\"><img loading=\"lazy\" decoding=\"async\" width=\"1024\" height=\"768\" src=\"https:\/\/www.todoeldia.com\/wp-content\/uploads\/2020\/10\/marcha-12-salta-1-1024x768.jpg\" alt=\"\" class=\"wp-image-8343\" srcset=\"https:\/\/www.todoeldia.com\/wp-content\/uploads\/2020\/10\/marcha-12-salta-1-1024x768.jpg 1024w, https:\/\/www.todoeldia.com\/wp-content\/uploads\/2020\/10\/marcha-12-salta-1-300x225.jpg 300w, https:\/\/www.todoeldia.com\/wp-content\/uploads\/2020\/10\/marcha-12-salta-1-768x576.jpg 768w, https:\/\/www.todoeldia.com\/wp-content\/uploads\/2020\/10\/marcha-12-salta-1-696x522.jpg 696w, https:\/\/www.todoeldia.com\/wp-content\/uploads\/2020\/10\/marcha-12-salta-1-560x420.jpg 560w, https:\/\/www.todoeldia.com\/wp-content\/uploads\/2020\/10\/marcha-12-salta-1-80x60.jpg 80w, https:\/\/www.todoeldia.com\/wp-content\/uploads\/2020\/10\/marcha-12-salta-1-265x198.jpg 265w, https:\/\/www.todoeldia.com\/wp-content\/uploads\/2020\/10\/marcha-12-salta-1.jpg 1032w\" sizes=\"auto, (max-width: 1024px) 100vw, 1024px\" \/><figcaption>Salta, marcha 12 de octubre en Paseo G\u00fcemes<\/figcaption><\/figure>\n\n\n\n<p>&nbsp;\u201cQuiero un pa\u00eds mejor donde&nbsp;los corruptos est\u00e9n presos&nbsp;y donde&nbsp;nuestros hijos se puedan quedar\u201d,&nbsp;afirm\u00f3 por su parte una mujer durante la concentraci\u00f3n frente a la Quinta de Olivos. Mientras que un hombre que se encontraba cerca solicit\u00f3 \u201cque el Presidente se ponga a gobernar con&nbsp;una agenda para el pueblo,&nbsp;y no la que tiene hoy\u201d.<\/p>\n\n\n\n<p>La\u00a0inmediata apertura de la cuarentena\u00a0para reactivar a los sectores econ\u00f3micos m\u00e1s golpeados tambi\u00e9n fue una de las principales consignas esgrimidas por la multitud que reclam\u00f3 en torno al Obelisco.<\/p>\n\n\n\n<figure class=\"wp-block-video\"><video height=\"480\" style=\"aspect-ratio: 848 \/ 480;\" width=\"848\" controls src=\"https:\/\/www.todoeldia.com\/wp-content\/uploads\/2020\/10\/WhatsApp-Video-2020-10-12-at-20.01.52-2.mp4\"><\/video><\/figure>\n\n\n\n<p>\u201cBasta de inseguridad,&nbsp;porque en el oeste del conurbano estamos cansados de que nos roben.&nbsp;Kicillof, hacete cargo&nbsp;de la seguridad\u201d, exigi\u00f3 una mujer que lleg\u00f3 hasta el centro porte\u00f1o desde la localidad bonaerense de Ituzaing\u00f3.<\/p>\n\n\n\n<p>\u201cEste gobierno no hace m\u00e1s que&nbsp;avasallar las instituciones,&nbsp;y por eso queremos&nbsp;defender la Rep\u00fablica\u201d,&nbsp;afirm\u00f3 otra manifestante, mientras que un hombre asegur\u00f3: &#8220;Lo que a m\u00ed me preocupa es que le dejen&nbsp;tomar tierras a cualquiera\u201d.&nbsp;Y hasta hubo reclamos contra los juzgados de familia que por la cuarentena no est\u00e1n funcionando, lo que provoca una desprotecci\u00f3n en los derechos de los ni\u00f1os y adolescentes.<\/p>\n\n\n\n<p>Una de las figuras que impuls\u00f3 la convocatoria a la marcha fue la presidenta del PRO,\u00a0Patricia Bullrich,\u00a0que expres\u00f3 que el \u201cbanderazo\u201d fue para pedir \u201cpor la econom\u00eda, la salud, la educaci\u00f3n y la libertad de los argentinos\u201d. En medio de la protesta, la referente opositora asegur\u00f3 que \u201cesto es\u00a0impresionante&#8221;.\u00a0&#8220;Estamos muy contentos de haber visto a tanta gente con banderas argentinas\u201d, sostuvo.<\/p>\n\n\n\n<figure class=\"wp-block-image size-large\"><img loading=\"lazy\" decoding=\"async\" width=\"1024\" height=\"1024\" src=\"https:\/\/www.todoeldia.com\/wp-content\/uploads\/2020\/10\/marcha-12-baires-1024x1024.jpg\" alt=\"\" class=\"wp-image-8342\" srcset=\"https:\/\/www.todoeldia.com\/wp-content\/uploads\/2020\/10\/marcha-12-baires-1024x1024.jpg 1024w, https:\/\/www.todoeldia.com\/wp-content\/uploads\/2020\/10\/marcha-12-baires-300x300.jpg 300w, https:\/\/www.todoeldia.com\/wp-content\/uploads\/2020\/10\/marcha-12-baires-150x150.jpg 150w, https:\/\/www.todoeldia.com\/wp-content\/uploads\/2020\/10\/marcha-12-baires-768x768.jpg 768w, https:\/\/www.todoeldia.com\/wp-content\/uploads\/2020\/10\/marcha-12-baires-696x696.jpg 696w, https:\/\/www.todoeldia.com\/wp-content\/uploads\/2020\/10\/marcha-12-baires-1068x1068.jpg 1068w, https:\/\/www.todoeldia.com\/wp-content\/uploads\/2020\/10\/marcha-12-baires-420x420.jpg 420w, https:\/\/www.todoeldia.com\/wp-content\/uploads\/2020\/10\/marcha-12-baires.jpg 1440w\" sizes=\"auto, (max-width: 1024px) 100vw, 1024px\" \/><\/figure>\n\n\n\n<p>Por su parte, la diputada bonaerense de Juntos por el Cambio, Carolina P\u00edparo, tambi\u00e9n hab\u00eda llamado a la concentraci\u00f3n de este lunes. \u201cA la agenda del odio, de la impunidad y del miedo, la confrontamos marchando pac\u00edficamente. Cuanto menos escuchen m\u00e1s vamos a alzar nuestra voz #12O #YoVoy\u201d, tuite\u00f3.<\/p>\n\n\n\n<p>La movilizaci\u00f3n de este lunes tambi\u00e9n cont\u00f3 con el apoyo de la&nbsp;Uni\u00f3n C\u00edvica Radical,&nbsp;que a trav\u00e9s de su diputado y titular del Comit\u00e9 Nacional,&nbsp;Alfredo Cornejo,&nbsp;afirm\u00f3 que es \u201cuna expresi\u00f3n&nbsp;genuina&nbsp;y no la convoca ning\u00fan partido\u201d.<\/p>\n","protected":false},"excerpt":{"rendered":"<p>Una multitud se moviliz\u00f3 en diferentes puntos del pa\u00eds, como la Quinta de Olivos, Mar del Plata, Tucum\u00e1n, C\u00f3rdoba, Salta y el Obelisco. El banderazo del #12O contra el Gobierno se despleg\u00f3 en distintos puntos del pa\u00eds y, en cada una de las convocatorias, se escucharon consignas diferentes que motivaron los reclamos: desde la inseguridad [&hellip;]<\/p>\n","protected":false},"author":2,"featured_media":8341,"comment_status":"open","ping_status":"open","sticky":false,"template":"","format":"standard","meta":{"tdm_status":"","tdm_grid_status":"","_joinchat":[],"footnotes":""},"categories":[69],"tags":[],"class_list":{"0":"post-8340","1":"post","2":"type-post","3":"status-publish","4":"format-standard","5":"has-post-thumbnail","7":"category-salta"},"amp_enabled":true,"_links":{"self":[{"href":"https:\/\/www.todoeldia.com\/index.php\/wp-json\/wp\/v2\/posts\/8340","targetHints":{"allow":["GET"]}}],"collection":[{"href":"https:\/\/www.todoeldia.com\/index.php\/wp-json\/wp\/v2\/posts"}],"about":[{"href":"https:\/\/www.todoeldia.com\/index.php\/wp-json\/wp\/v2\/types\/post"}],"author":[{"embeddable":true,"href":"https:\/\/www.todoeldia.com\/index.php\/wp-json\/wp\/v2\/users\/2"}],"replies":[{"embeddable":true,"href":"https:\/\/www.todoeldia.com\/index.php\/wp-json\/wp\/v2\/comments?post=8340"}],"version-history":[{"count":1,"href":"https:\/\/www.todoeldia.com\/index.php\/wp-json\/wp\/v2\/posts\/8340\/revisions"}],"predecessor-version":[{"id":8345,"href":"https:\/\/www.todoeldia.com\/index.php\/wp-json\/wp\/v2\/posts\/8340\/revisions\/8345"}],"wp:featuredmedia":[{"embeddable":true,"href":"https:\/\/www.todoeldia.com\/index.php\/wp-json\/wp\/v2\/media\/8341"}],"wp:attachment":[{"href":"https:\/\/www.todoeldia.com\/index.php\/wp-json\/wp\/v2\/media?parent=8340"}],"wp:term":[{"taxonomy":"category","embeddable":true,"href":"https:\/\/www.todoeldia.com\/index.php\/wp-json\/wp\/v2\/categories?post=8340"},{"taxonomy":"post_tag","embeddable":true,"href":"https:\/\/www.todoeldia.com\/index.php\/wp-json\/wp\/v2\/tags?post=8340"}],"curies":[{"name":"wp","href":"https:\/\/api.w.org\/{rel}","templated":true}]}}