{"id":83547,"date":"2024-09-11T12:47:24","date_gmt":"2024-09-11T15:47:24","guid":{"rendered":"https:\/\/www.todoeldia.com\/?p=83547"},"modified":"2024-09-11T12:47:25","modified_gmt":"2024-09-11T15:47:25","slug":"asesino-a-un-hombre-con-un-machete-en-colonia-santa-rosa","status":"publish","type":"post","link":"https:\/\/www.todoeldia.com\/index.php\/2024\/09\/11\/asesino-a-un-hombre-con-un-machete-en-colonia-santa-rosa\/","title":{"rendered":"Asesino a un hombre con un machete en Colonia santa Rosa"},"content":{"rendered":"\n<p>La fiscal penal de la Unidad de Graves Atentados contra las Personas de Or\u00e1n, Mar\u00eda Soledad Filtr\u00edn Cuezzo, imput\u00f3 a un hombre de 32 a\u00f1os como presunto autor de un homicidio ocurrido en Colonia Santa Rosa.<\/p>\n\n\n\n<p>El hecho sucedi\u00f3 el pasado 4 de septiembre, aproximadamente a las 3 de la madrugada, en la calle El Cha\u00f1ar. La v\u00edctima, falleci\u00f3 como consecuencia de un \u00abshock hipovol\u00e9mico por lesi\u00f3n vascular de cuello con arma blanca\u00bb, seg\u00fan el informe de autopsia realizado por el Cuerpo de Investigaciones Fiscales (CIF).<\/p>\n\n\n\n<p>De acuerdo con la investigaci\u00f3n, el acusado fue la \u00faltima persona vista junto a la v\u00edctima, seg\u00fan declaraciones de testigos, y presentaba lesiones en su cuerpo compatibles con el hecho.<\/p>\n\n\n\n<p>Asimismo, se secuestr\u00f3 un machete que habr\u00eda sido utilizado, el cual fue encontrado a pocos metros del domicilio del imputado, conforme a lo documentado por personal de Criminal\u00edstica.<\/p>\n\n\n\n<p>La fiscal Filtr\u00edn Cuezzo, orden\u00f3 diversas diligencias, entre ellas el rastrillaje en la zona donde se produjo el hecho y la posterior detenci\u00f3n del acusado.<\/p>\n","protected":false},"excerpt":{"rendered":"<p>La fiscal penal de la Unidad de Graves Atentados contra las Personas de Or\u00e1n, Mar\u00eda Soledad Filtr\u00edn Cuezzo, imput\u00f3 a un hombre de 32 a\u00f1os como presunto autor de un homicidio ocurrido en Colonia Santa Rosa. El hecho sucedi\u00f3 el pasado 4 de septiembre, aproximadamente a las 3 de la madrugada, en la calle El [&hellip;]<\/p>\n","protected":false},"author":2,"featured_media":39364,"comment_status":"open","ping_status":"open","sticky":false,"template":"","format":"standard","meta":{"tdm_status":"","tdm_grid_status":"","_joinchat":[],"footnotes":""},"categories":[63],"tags":[],"class_list":{"0":"post-83547","1":"post","2":"type-post","3":"status-publish","4":"format-standard","5":"has-post-thumbnail","7":"category-policiales"},"amp_enabled":true,"_links":{"self":[{"href":"https:\/\/www.todoeldia.com\/index.php\/wp-json\/wp\/v2\/posts\/83547","targetHints":{"allow":["GET"]}}],"collection":[{"href":"https:\/\/www.todoeldia.com\/index.php\/wp-json\/wp\/v2\/posts"}],"about":[{"href":"https:\/\/www.todoeldia.com\/index.php\/wp-json\/wp\/v2\/types\/post"}],"author":[{"embeddable":true,"href":"https:\/\/www.todoeldia.com\/index.php\/wp-json\/wp\/v2\/users\/2"}],"replies":[{"embeddable":true,"href":"https:\/\/www.todoeldia.com\/index.php\/wp-json\/wp\/v2\/comments?post=83547"}],"version-history":[{"count":1,"href":"https:\/\/www.todoeldia.com\/index.php\/wp-json\/wp\/v2\/posts\/83547\/revisions"}],"predecessor-version":[{"id":83548,"href":"https:\/\/www.todoeldia.com\/index.php\/wp-json\/wp\/v2\/posts\/83547\/revisions\/83548"}],"wp:featuredmedia":[{"embeddable":true,"href":"https:\/\/www.todoeldia.com\/index.php\/wp-json\/wp\/v2\/media\/39364"}],"wp:attachment":[{"href":"https:\/\/www.todoeldia.com\/index.php\/wp-json\/wp\/v2\/media?parent=83547"}],"wp:term":[{"taxonomy":"category","embeddable":true,"href":"https:\/\/www.todoeldia.com\/index.php\/wp-json\/wp\/v2\/categories?post=83547"},{"taxonomy":"post_tag","embeddable":true,"href":"https:\/\/www.todoeldia.com\/index.php\/wp-json\/wp\/v2\/tags?post=83547"}],"curies":[{"name":"wp","href":"https:\/\/api.w.org\/{rel}","templated":true}]}}