{"id":83549,"date":"2024-09-11T13:10:18","date_gmt":"2024-09-11T16:10:18","guid":{"rendered":"https:\/\/www.todoeldia.com\/?p=83549"},"modified":"2024-09-11T13:10:19","modified_gmt":"2024-09-11T16:10:19","slug":"otro-reynoso-se-inicio-el-jury-contra-el-juez-claudio-alejandro-parisi-de-oran","status":"publish","type":"post","link":"https:\/\/www.todoeldia.com\/index.php\/2024\/09\/11\/otro-reynoso-se-inicio-el-jury-contra-el-juez-claudio-alejandro-parisi-de-oran\/","title":{"rendered":"\u00a1Otro Reynoso! Se inici\u00f3 el Jury contra el juez Claudio Alejandro Parisi de Or\u00e1n"},"content":{"rendered":"\n<p>El Jurado de Enjuiciamiento de Magistrados del Poder Judicial y Funcionarios del Ministerio P\u00fablico se reuni\u00f3 hoy para analizar la acusaci\u00f3n del Procurador General de la Provincia contra el juez de Garant\u00edas de Segunda Nominaci\u00f3n de Or\u00e1n, Claudio Alejandro Parisi.<\/p>\n\n\n\n<p>El Procurador General de la Provincia acusa al juez Parisi de mal desempe\u00f1o e incumplimiento de los deberes a su cargo.<\/p>\n\n\n\n<p>Por unanimidad se dispuso correr traslado de la acusaci\u00f3n al juez, que deber\u00e1 contestarla pudiendo ofrecer prueba.<\/p>\n\n\n\n<p>El Jurado de Enjuiciamiento de Magistrados del Poder Judicial y Funcionarios del Ministerio P\u00fablico est\u00e1 encabezado por la presidenta de la Corte de Justicia Teresa Ovejero e integrado por el juez de Corte Pablo L\u00f3pez Vi\u00f1als; el senador Jorge Pablo Soto por la mayor\u00eda; el senador Javier M\u00f3nico Graciano por la minor\u00eda; el diputado Esteban Amat Lacroix por la mayor\u00eda; el diputado Juan Carlos Roque Posse por la minor\u00eda; el Fiscal de Estado Agust\u00edn P\u00e9rez Alsina; Luis Guillermo L\u00f3pez Mirau, abogado de la matr\u00edcula designado por la C\u00e1mara de Senadores y Pedro Mellado, abogado de la matr\u00edcula designado por la C\u00e1mara de Diputados.<\/p>\n\n\n\n<p>Si bien los delitos de cohecho en los que se encuentra imputado Parisi forman parte de las respectivas causas penales que se encuentra en proceso, la denuncia ante el Jurado de Enjuiciamiento no se basa en esas acusaciones, sino en el objetivo desmanejo de los casos, que resulta evidente de la sola compulsa de los expedientes que se encontraban a su cargo.<\/p>\n\n\n\n<figure class=\"wp-block-image size-full is-resized\"><img loading=\"lazy\" decoding=\"async\" width=\"720\" height=\"392\" src=\"https:\/\/www.todoeldia.com\/wp-content\/uploads\/2024\/09\/image-102.png\" alt=\"\" class=\"wp-image-83550\" style=\"width:1068px;height:auto\" srcset=\"https:\/\/www.todoeldia.com\/wp-content\/uploads\/2024\/09\/image-102.png 720w, https:\/\/www.todoeldia.com\/wp-content\/uploads\/2024\/09\/image-102-300x163.png 300w, https:\/\/www.todoeldia.com\/wp-content\/uploads\/2024\/09\/image-102-696x379.png 696w\" sizes=\"auto, (max-width: 720px) 100vw, 720px\" \/><\/figure>\n\n\n\n<p><strong>Ra\u00fal Reynoso era considerado un palad\u00edn de la guerra contra la drogas, termin\u00f3 siendo un delincuente<\/strong><\/p>\n\n\n\n<p>Caso similar al ex juez procesado y condenado, Ra\u00fal Reynoso por siete hechos de pedidos de sobornos a personas que eran detenidas en su juzgado, para conceder beneficios como excarcelaciones o prisi\u00f3n domiciliaria.<\/p>\n","protected":false},"excerpt":{"rendered":"<p>El Jurado de Enjuiciamiento de Magistrados del Poder Judicial y Funcionarios del Ministerio P\u00fablico se reuni\u00f3 hoy para analizar la acusaci\u00f3n del Procurador General de la Provincia contra el juez de Garant\u00edas de Segunda Nominaci\u00f3n de Or\u00e1n, Claudio Alejandro Parisi. El Procurador General de la Provincia acusa al juez Parisi de mal desempe\u00f1o e incumplimiento [&hellip;]<\/p>\n","protected":false},"author":2,"featured_media":83298,"comment_status":"open","ping_status":"open","sticky":false,"template":"","format":"standard","meta":{"tdm_status":"","tdm_grid_status":"","_joinchat":[],"footnotes":""},"categories":[63],"tags":[],"class_list":{"0":"post-83549","1":"post","2":"type-post","3":"status-publish","4":"format-standard","5":"has-post-thumbnail","7":"category-policiales"},"amp_enabled":true,"_links":{"self":[{"href":"https:\/\/www.todoeldia.com\/index.php\/wp-json\/wp\/v2\/posts\/83549","targetHints":{"allow":["GET"]}}],"collection":[{"href":"https:\/\/www.todoeldia.com\/index.php\/wp-json\/wp\/v2\/posts"}],"about":[{"href":"https:\/\/www.todoeldia.com\/index.php\/wp-json\/wp\/v2\/types\/post"}],"author":[{"embeddable":true,"href":"https:\/\/www.todoeldia.com\/index.php\/wp-json\/wp\/v2\/users\/2"}],"replies":[{"embeddable":true,"href":"https:\/\/www.todoeldia.com\/index.php\/wp-json\/wp\/v2\/comments?post=83549"}],"version-history":[{"count":1,"href":"https:\/\/www.todoeldia.com\/index.php\/wp-json\/wp\/v2\/posts\/83549\/revisions"}],"predecessor-version":[{"id":83551,"href":"https:\/\/www.todoeldia.com\/index.php\/wp-json\/wp\/v2\/posts\/83549\/revisions\/83551"}],"wp:featuredmedia":[{"embeddable":true,"href":"https:\/\/www.todoeldia.com\/index.php\/wp-json\/wp\/v2\/media\/83298"}],"wp:attachment":[{"href":"https:\/\/www.todoeldia.com\/index.php\/wp-json\/wp\/v2\/media?parent=83549"}],"wp:term":[{"taxonomy":"category","embeddable":true,"href":"https:\/\/www.todoeldia.com\/index.php\/wp-json\/wp\/v2\/categories?post=83549"},{"taxonomy":"post_tag","embeddable":true,"href":"https:\/\/www.todoeldia.com\/index.php\/wp-json\/wp\/v2\/tags?post=83549"}],"curies":[{"name":"wp","href":"https:\/\/api.w.org\/{rel}","templated":true}]}}