{"id":83724,"date":"2024-09-16T10:45:27","date_gmt":"2024-09-16T13:45:27","guid":{"rendered":"https:\/\/www.todoeldia.com\/?p=83724"},"modified":"2024-09-16T10:45:28","modified_gmt":"2024-09-16T13:45:28","slug":"javier-milei-presento-el-presupuesto-2025-y-le-pidio-a-los-gobernadores-hagan-un-ajuste-adicional-de-usd-60-mil-millones","status":"publish","type":"post","link":"https:\/\/www.todoeldia.com\/index.php\/2024\/09\/16\/javier-milei-presento-el-presupuesto-2025-y-le-pidio-a-los-gobernadores-hagan-un-ajuste-adicional-de-usd-60-mil-millones\/","title":{"rendered":"Javier Milei present\u00f3 el Presupuesto 2025 y le pidi\u00f3 a los gobernadores hagan un ajuste adicional de USD 60 mil millones"},"content":{"rendered":"\n<p>En un acto in\u00e9dito en el Congreso, el presidente dijo que desde el Gobierno nacional ya se hizo todo el recorte de gasto posible y remarc\u00f3 en referencia a los mandatarios provinciales: \u201cNosotros ya hemos cumplido nuestra parte del acuerdo, ahora faltan ustedes\u201d. \u201cHoy venimos a ponerle un cepo al Estado\u201d, afirm\u00f3.<\/p>\n\n\n\n<p>Con una puesta en escena in\u00e9dita, en horario de prime time televisivo por cadena nacional, el presidente Javier Milei present\u00f3 esta noche en el Congreso el proyecto de Presupuesto 2025, que tiene como \u201cpiedra basal\u201d el d\u00e9ficit cero y ser\u00e1 el \u201cm\u00e1s radicalmente distinto de este siglo\u201d, seg\u00fan resalt\u00f3 a lo largo de su discurso. Lo hizo con un fuerte mensaje hacia los gobernadores, a quienes les advirti\u00f3 que para garantizar la baja del gasto p\u00fablico consolidado deben hacer un ajuste de 60 mil millones de d\u00f3lares.<\/p>\n\n\n\n<p>Ante un auditorio con varias ausencias en el recinto (estuvieron unos diputados), principalmente de legisladores del kirchnerismo, el mandatario ratific\u00f3 la idea econ\u00f3mica que lleva adelante, confirm\u00f3 que continuar\u00e1 con el veto de leyes que pongan en riesgo el equilibrio fiscal que su Gobierno defiende como un mantra y hasta les dej\u00f3 un claro mensaje a los gobernadores.<\/p>\n\n\n\n<p>\u201cHoy estamos aqu\u00ed para presentar un proyecto que va a cambiar para siempre la historia de nuestro pa\u00eds, de manera que volvamos a ser la Argentina grande que alguna vez fuimos. Despu\u00e9s de a\u00f1os en que la clase pol\u00edtica vivi\u00f3 poniendo cepos a las libertades individuales, hoy venimos aqu\u00ed a ponerle un cepo al Estado. Este presupuesto que estamos presentando tiene una metodolog\u00eda que blinda el equilibrio fiscal sin importar cu\u00e1l sea el escenario econ\u00f3mico\u201d, comenz\u00f3 Milei .<\/p>\n\n\n\n<p>R\u00e1pidamente, Milei expuso el coraz\u00f3n del proyecto que comenzar\u00e1 a tratar el Congreso: \u201cLa piedra basal de este Presupuesto es la primera verdad de la macroeconom\u00eda, una verdad que durante muchos a\u00f1os ha sido relegada en Argentina: el d\u00e9ficit cero\u201d.<\/p>\n","protected":false},"excerpt":{"rendered":"<p>En un acto in\u00e9dito en el Congreso, el presidente dijo que desde el Gobierno nacional ya se hizo todo el recorte de gasto posible y remarc\u00f3 en referencia a los mandatarios provinciales: \u201cNosotros ya hemos cumplido nuestra parte del acuerdo, ahora faltan ustedes\u201d. \u201cHoy venimos a ponerle un cepo al Estado\u201d, afirm\u00f3. Con una puesta [&hellip;]<\/p>\n","protected":false},"author":2,"featured_media":83725,"comment_status":"open","ping_status":"open","sticky":false,"template":"","format":"standard","meta":{"tdm_status":"","tdm_grid_status":"","_joinchat":[],"footnotes":""},"categories":[59],"tags":[],"class_list":{"0":"post-83724","1":"post","2":"type-post","3":"status-publish","4":"format-standard","5":"has-post-thumbnail","7":"category-politica"},"amp_enabled":true,"_links":{"self":[{"href":"https:\/\/www.todoeldia.com\/index.php\/wp-json\/wp\/v2\/posts\/83724","targetHints":{"allow":["GET"]}}],"collection":[{"href":"https:\/\/www.todoeldia.com\/index.php\/wp-json\/wp\/v2\/posts"}],"about":[{"href":"https:\/\/www.todoeldia.com\/index.php\/wp-json\/wp\/v2\/types\/post"}],"author":[{"embeddable":true,"href":"https:\/\/www.todoeldia.com\/index.php\/wp-json\/wp\/v2\/users\/2"}],"replies":[{"embeddable":true,"href":"https:\/\/www.todoeldia.com\/index.php\/wp-json\/wp\/v2\/comments?post=83724"}],"version-history":[{"count":1,"href":"https:\/\/www.todoeldia.com\/index.php\/wp-json\/wp\/v2\/posts\/83724\/revisions"}],"predecessor-version":[{"id":83726,"href":"https:\/\/www.todoeldia.com\/index.php\/wp-json\/wp\/v2\/posts\/83724\/revisions\/83726"}],"wp:featuredmedia":[{"embeddable":true,"href":"https:\/\/www.todoeldia.com\/index.php\/wp-json\/wp\/v2\/media\/83725"}],"wp:attachment":[{"href":"https:\/\/www.todoeldia.com\/index.php\/wp-json\/wp\/v2\/media?parent=83724"}],"wp:term":[{"taxonomy":"category","embeddable":true,"href":"https:\/\/www.todoeldia.com\/index.php\/wp-json\/wp\/v2\/categories?post=83724"},{"taxonomy":"post_tag","embeddable":true,"href":"https:\/\/www.todoeldia.com\/index.php\/wp-json\/wp\/v2\/tags?post=83724"}],"curies":[{"name":"wp","href":"https:\/\/api.w.org\/{rel}","templated":true}]}}