{"id":83939,"date":"2024-09-20T19:14:22","date_gmt":"2024-09-20T22:14:22","guid":{"rendered":"https:\/\/www.todoeldia.com\/?p=83939"},"modified":"2024-09-20T19:14:24","modified_gmt":"2024-09-20T22:14:24","slug":"caso-loan-despues-de-100-dias-se-sigue-sin-saber-nada-del-paradero-del-nino","status":"publish","type":"post","link":"https:\/\/www.todoeldia.com\/index.php\/2024\/09\/20\/caso-loan-despues-de-100-dias-se-sigue-sin-saber-nada-del-paradero-del-nino\/","title":{"rendered":"Caso Loan: despu\u00e9s de 100 d\u00edas se sigue sin saber nada del paradero del ni\u00f1o"},"content":{"rendered":"\n<p>Se cumplen 100 d\u00edas desde la desaparici\u00f3n del menor en la provincia de Corrientes. A\u00fan no se hallaron rastros del ni\u00f1o.<\/p>\n\n\n\n<p>Loan Danilo Pe\u00f1a desapareci\u00f3 el pasado 13 de junio y a\u00fan siguen sin conocerse datos certeros acerca de su paradero.<\/p>\n\n\n\n<p>Los \u00faltimos trascendidos hablaban de Camila, la prima de Loan, ya que, fuentes cercanas al caso se\u00f1alaron que tendr\u00eda un v\u00ednculo personal con Carlos P\u00e9rez, quien es se\u00f1alado como una de las personas de inter\u00e9s en la causa.<\/p>\n\n\n\n<p>Aunque todav\u00eda no se confirm\u00f3 su relaci\u00f3n con P\u00e9rez, los investigadores consideran la posibilidad de que Camila sea una pieza clave para tener alguna pista sobre el paradero de Loan.<\/p>\n\n\n\n<figure class=\"wp-block-image size-full is-resized\"><img loading=\"lazy\" decoding=\"async\" width=\"800\" height=\"450\" src=\"https:\/\/www.todoeldia.com\/wp-content\/uploads\/2024\/06\/loan-2.jpg\" alt=\"\" class=\"wp-image-79473\" style=\"width:1068px;height:auto\" srcset=\"https:\/\/www.todoeldia.com\/wp-content\/uploads\/2024\/06\/loan-2.jpg 800w, https:\/\/www.todoeldia.com\/wp-content\/uploads\/2024\/06\/loan-2-300x169.jpg 300w, https:\/\/www.todoeldia.com\/wp-content\/uploads\/2024\/06\/loan-2-768x432.jpg 768w, https:\/\/www.todoeldia.com\/wp-content\/uploads\/2024\/06\/loan-2-747x420.jpg 747w, https:\/\/www.todoeldia.com\/wp-content\/uploads\/2024\/06\/loan-2-696x392.jpg 696w\" sizes=\"auto, (max-width: 800px) 100vw, 800px\" \/><\/figure>\n\n\n\n<p>Los primeros detenidos que tuvo la causa fueron Antonio Ben\u00edtez, M\u00f3nica del Carmen Millapi y Daniel \u201cFierrito\u201d Ram\u00edrez, quienes acompa\u00f1aron al chico al naranjal. Luego de cinco d\u00edas, Carlos P\u00e9rez y Victoria Caillava tambi\u00e9n quedaron presos. Adem\u00e1s, del jefe de la comisar\u00eda local, Walter Maciel.&nbsp; La \u00faltima arrestada fue Laudelina Pe\u00f1a, t\u00eda de Loan y pareja de Ben\u00edtez.<\/p>\n\n\n\n<p>Por otro lado, en la causa tomada por la jueza Cristina Pozzer Penzo, detuvieron a otras nueve personas y se investiga si buscaron utilizar la vulnerabilidad de la familia de Loan para perjudicar la investigaci\u00f3n.<\/p>\n\n\n\n<p>Pozzer Penzo tiene a 16 personas bajo la lupa, varias causas abiertas y numerosas testimoniales, todav\u00eda la Justicia no sabe qu\u00e9 pas\u00f3.<\/p>\n\n\n\n<p>Por el momento, P\u00e9rez di\u00f3 sus declaraciones pero han sido ambiguas, lo que ha generado a\u00fan m\u00e1s interrogantes. Sin embargo, los fiscales del caso han indicado nuevas pruebas que est\u00e1n siendo evaluadas, incluyendo mensajes y llamadas entre ambos, que podr\u00edan ofrecer pistas sobre la desaparici\u00f3n de Loan.<\/p>\n\n\n\n<p>En estos 100 d\u00edas, la familia de Loan ha sido el rostro visible de la lucha por su aparici\u00f3n. En cada oportunidad, han exigido a las autoridades acelerar el proceso de investigaci\u00f3n y no dejar ning\u00fan cabo suelto. Asimismo, el padre realiz\u00f3 una marcha para generar visibilidad y darle respuesta a los medios porte\u00f1os.<\/p>\n","protected":false},"excerpt":{"rendered":"<p>Se cumplen 100 d\u00edas desde la desaparici\u00f3n del menor en la provincia de Corrientes. A\u00fan no se hallaron rastros del ni\u00f1o. Loan Danilo Pe\u00f1a desapareci\u00f3 el pasado 13 de junio y a\u00fan siguen sin conocerse datos certeros acerca de su paradero. Los \u00faltimos trascendidos hablaban de Camila, la prima de Loan, ya que, fuentes cercanas [&hellip;]<\/p>\n","protected":false},"author":2,"featured_media":83940,"comment_status":"open","ping_status":"open","sticky":false,"template":"","format":"standard","meta":{"tdm_status":"","tdm_grid_status":"","_joinchat":[],"footnotes":""},"categories":[63],"tags":[],"class_list":{"0":"post-83939","1":"post","2":"type-post","3":"status-publish","4":"format-standard","5":"has-post-thumbnail","7":"category-policiales"},"amp_enabled":true,"_links":{"self":[{"href":"https:\/\/www.todoeldia.com\/index.php\/wp-json\/wp\/v2\/posts\/83939","targetHints":{"allow":["GET"]}}],"collection":[{"href":"https:\/\/www.todoeldia.com\/index.php\/wp-json\/wp\/v2\/posts"}],"about":[{"href":"https:\/\/www.todoeldia.com\/index.php\/wp-json\/wp\/v2\/types\/post"}],"author":[{"embeddable":true,"href":"https:\/\/www.todoeldia.com\/index.php\/wp-json\/wp\/v2\/users\/2"}],"replies":[{"embeddable":true,"href":"https:\/\/www.todoeldia.com\/index.php\/wp-json\/wp\/v2\/comments?post=83939"}],"version-history":[{"count":1,"href":"https:\/\/www.todoeldia.com\/index.php\/wp-json\/wp\/v2\/posts\/83939\/revisions"}],"predecessor-version":[{"id":83941,"href":"https:\/\/www.todoeldia.com\/index.php\/wp-json\/wp\/v2\/posts\/83939\/revisions\/83941"}],"wp:featuredmedia":[{"embeddable":true,"href":"https:\/\/www.todoeldia.com\/index.php\/wp-json\/wp\/v2\/media\/83940"}],"wp:attachment":[{"href":"https:\/\/www.todoeldia.com\/index.php\/wp-json\/wp\/v2\/media?parent=83939"}],"wp:term":[{"taxonomy":"category","embeddable":true,"href":"https:\/\/www.todoeldia.com\/index.php\/wp-json\/wp\/v2\/categories?post=83939"},{"taxonomy":"post_tag","embeddable":true,"href":"https:\/\/www.todoeldia.com\/index.php\/wp-json\/wp\/v2\/tags?post=83939"}],"curies":[{"name":"wp","href":"https:\/\/api.w.org\/{rel}","templated":true}]}}