{"id":83945,"date":"2024-09-21T12:58:19","date_gmt":"2024-09-21T15:58:19","guid":{"rendered":"https:\/\/www.todoeldia.com\/?p=83945"},"modified":"2024-09-21T12:58:21","modified_gmt":"2024-09-21T15:58:21","slug":"se-suicido-un-joven-de-26-anos-con-problemas-de-adicciones-en-salvador-mazza","status":"publish","type":"post","link":"https:\/\/www.todoeldia.com\/index.php\/2024\/09\/21\/se-suicido-un-joven-de-26-anos-con-problemas-de-adicciones-en-salvador-mazza\/","title":{"rendered":"Se suicid\u00f3 un joven de 26 a\u00f1os con problemas de adicciones en Salvador Mazza"},"content":{"rendered":"\n<p>Un joven de 26 a\u00f1os, tom\u00f3 la tr\u00e1gica decisi\u00f3n de quitarse la vida en la comunidad de Monte Sina\u00ed, en la localidad de Salvador Mazza.<\/p>\n\n\n\n<p>La familia del joven est\u00e1 consternada y devastada por esta p\u00e9rdida irreparable. A pesar de sus esfuerzos por ayudarlo a superar ciertos vicios y consumos, lamentablemente no pudieron evitar este tr\u00e1gico final.<\/p>\n\n\n\n<p>El cuerpo de M\u00e9dicos Forenses lleg\u00f3 al lugar pasadas las 2 de la ma\u00f1ana y, despu\u00e9s de realizar las pericias correspondientes, entreg\u00f3 el cuerpo del joven a sus familiares para que puedan velarlo en la comunidad.<\/p>\n","protected":false},"excerpt":{"rendered":"<p>Un joven de 26 a\u00f1os, tom\u00f3 la tr\u00e1gica decisi\u00f3n de quitarse la vida en la comunidad de Monte Sina\u00ed, en la localidad de Salvador Mazza. La familia del joven est\u00e1 consternada y devastada por esta p\u00e9rdida irreparable. A pesar de sus esfuerzos por ayudarlo a superar ciertos vicios y consumos, lamentablemente no pudieron evitar este [&hellip;]<\/p>\n","protected":false},"author":2,"featured_media":78838,"comment_status":"open","ping_status":"open","sticky":false,"template":"","format":"standard","meta":{"tdm_status":"","tdm_grid_status":"","_joinchat":[],"footnotes":""},"categories":[63],"tags":[],"class_list":{"0":"post-83945","1":"post","2":"type-post","3":"status-publish","4":"format-standard","5":"has-post-thumbnail","7":"category-policiales"},"amp_enabled":true,"_links":{"self":[{"href":"https:\/\/www.todoeldia.com\/index.php\/wp-json\/wp\/v2\/posts\/83945","targetHints":{"allow":["GET"]}}],"collection":[{"href":"https:\/\/www.todoeldia.com\/index.php\/wp-json\/wp\/v2\/posts"}],"about":[{"href":"https:\/\/www.todoeldia.com\/index.php\/wp-json\/wp\/v2\/types\/post"}],"author":[{"embeddable":true,"href":"https:\/\/www.todoeldia.com\/index.php\/wp-json\/wp\/v2\/users\/2"}],"replies":[{"embeddable":true,"href":"https:\/\/www.todoeldia.com\/index.php\/wp-json\/wp\/v2\/comments?post=83945"}],"version-history":[{"count":1,"href":"https:\/\/www.todoeldia.com\/index.php\/wp-json\/wp\/v2\/posts\/83945\/revisions"}],"predecessor-version":[{"id":83946,"href":"https:\/\/www.todoeldia.com\/index.php\/wp-json\/wp\/v2\/posts\/83945\/revisions\/83946"}],"wp:featuredmedia":[{"embeddable":true,"href":"https:\/\/www.todoeldia.com\/index.php\/wp-json\/wp\/v2\/media\/78838"}],"wp:attachment":[{"href":"https:\/\/www.todoeldia.com\/index.php\/wp-json\/wp\/v2\/media?parent=83945"}],"wp:term":[{"taxonomy":"category","embeddable":true,"href":"https:\/\/www.todoeldia.com\/index.php\/wp-json\/wp\/v2\/categories?post=83945"},{"taxonomy":"post_tag","embeddable":true,"href":"https:\/\/www.todoeldia.com\/index.php\/wp-json\/wp\/v2\/tags?post=83945"}],"curies":[{"name":"wp","href":"https:\/\/api.w.org\/{rel}","templated":true}]}}