{"id":84085,"date":"2024-09-23T13:23:53","date_gmt":"2024-09-23T16:23:53","guid":{"rendered":"https:\/\/www.todoeldia.com\/?p=84085"},"modified":"2024-09-23T13:23:54","modified_gmt":"2024-09-23T16:23:54","slug":"difunden-el-resultado-de-la-autopsia-al-cuerpo-de-la-tota-santillan","status":"publish","type":"post","link":"https:\/\/www.todoeldia.com\/index.php\/2024\/09\/23\/difunden-el-resultado-de-la-autopsia-al-cuerpo-de-la-tota-santillan\/","title":{"rendered":"Difunden el resultado de la autopsia al cuerpo de La Tota Santill\u00e1n"},"content":{"rendered":"\n<p>El informe preliminar brind\u00f3 detalles sobre la muerte del reconocido conductor.<\/p>\n\n\n\n<p>El resultado preliminar de la autopsia al cuerpo de La Tota Santill\u00e1n indic\u00f3 que muri\u00f3 por \u201cs\u00edndrome asf\u00edctico\u201d, seg\u00fan pudo saber TN Show. Tambi\u00e9n determin\u00f3 que ten\u00eda el 90% de su cuerpo quemado.<\/p>\n\n\n\n<p>La Justicia, adem\u00e1s, determin\u00f3 que no hubo signos de defensa, con lo cual, la hip\u00f3tesis que indica que se quit\u00f3 la vida sigue siendo la m\u00e1s fuerte. El conductor fue encontrado muerto este domingo en su casa de Castelar. Ten\u00eda 57 a\u00f1os.<\/p>\n\n\n\n<p>Seg\u00fan fuentes judiciales, cerca del mediod\u00eda los bomberos tambi\u00e9n terminaron de hacer las pericias en la casa donde viv\u00eda el presentador. Reci\u00e9n por la noche va a estar el estudio preliminar de c\u00f3mo se origin\u00f3 el fuego, supo TN Show.<\/p>\n\n\n\n<p>Qu\u00e9 pas\u00f3 con La Tota Santill\u00e1n<\/p>\n\n\n\n<p>Seg\u00fan la informaci\u00f3n a la que accedi\u00f3 TN Show, los amigos y familiares de la Tota estaban preocupados porque durante el fin de semana el conductor no contestaba los llamados. Esto se lo comunicaron a los polic\u00edas, que detallaron que el entorno del conductor manifest\u00f3 que Santill\u00e1n \u201cera bipolar\u201d y \u201cse encontraba muy depresivo\u201d.<\/p>\n\n\n\n<p>Las personas cercanas a Santill\u00e1n recordaron en el parte policial que el presentador ten\u00eda problemas econ\u00f3micos y estaba muy mal por \u201cla condena que hab\u00eda recibido por una causa de g\u00e9nero\u201d. Adem\u00e1s, repasaron que el a\u00f1o pasado hab\u00eda atentado \u201ccontra su vida al intentar cortarse las venas\u201d.<\/p>\n\n\n\n<p>Los polic\u00edas encontraron una botella de un l\u00edquido inflamable cerca del cuerpo del conductor, por lo que los investigadores infieren que Santill\u00e1n se tir\u00f3 ese producto y, luego, se prendi\u00f3 fuego. Las llamas, adem\u00e1s, se extendieron al sill\u00f3n que estaba carbonizado. Suponen que el incendio se autoextingui\u00f3, y por eso, no fue mayor.<\/p>\n","protected":false},"excerpt":{"rendered":"<p>El informe preliminar brind\u00f3 detalles sobre la muerte del reconocido conductor. El resultado preliminar de la autopsia al cuerpo de La Tota Santill\u00e1n indic\u00f3 que muri\u00f3 por \u201cs\u00edndrome asf\u00edctico\u201d, seg\u00fan pudo saber TN Show. Tambi\u00e9n determin\u00f3 que ten\u00eda el 90% de su cuerpo quemado. La Justicia, adem\u00e1s, determin\u00f3 que no hubo signos de defensa, con [&hellip;]<\/p>\n","protected":false},"author":2,"featured_media":84086,"comment_status":"open","ping_status":"open","sticky":false,"template":"","format":"standard","meta":{"tdm_status":"","tdm_grid_status":"","_joinchat":[],"footnotes":""},"categories":[73],"tags":[],"class_list":{"0":"post-84085","1":"post","2":"type-post","3":"status-publish","4":"format-standard","5":"has-post-thumbnail","7":"category-noticias-general"},"amp_enabled":true,"_links":{"self":[{"href":"https:\/\/www.todoeldia.com\/index.php\/wp-json\/wp\/v2\/posts\/84085","targetHints":{"allow":["GET"]}}],"collection":[{"href":"https:\/\/www.todoeldia.com\/index.php\/wp-json\/wp\/v2\/posts"}],"about":[{"href":"https:\/\/www.todoeldia.com\/index.php\/wp-json\/wp\/v2\/types\/post"}],"author":[{"embeddable":true,"href":"https:\/\/www.todoeldia.com\/index.php\/wp-json\/wp\/v2\/users\/2"}],"replies":[{"embeddable":true,"href":"https:\/\/www.todoeldia.com\/index.php\/wp-json\/wp\/v2\/comments?post=84085"}],"version-history":[{"count":1,"href":"https:\/\/www.todoeldia.com\/index.php\/wp-json\/wp\/v2\/posts\/84085\/revisions"}],"predecessor-version":[{"id":84087,"href":"https:\/\/www.todoeldia.com\/index.php\/wp-json\/wp\/v2\/posts\/84085\/revisions\/84087"}],"wp:featuredmedia":[{"embeddable":true,"href":"https:\/\/www.todoeldia.com\/index.php\/wp-json\/wp\/v2\/media\/84086"}],"wp:attachment":[{"href":"https:\/\/www.todoeldia.com\/index.php\/wp-json\/wp\/v2\/media?parent=84085"}],"wp:term":[{"taxonomy":"category","embeddable":true,"href":"https:\/\/www.todoeldia.com\/index.php\/wp-json\/wp\/v2\/categories?post=84085"},{"taxonomy":"post_tag","embeddable":true,"href":"https:\/\/www.todoeldia.com\/index.php\/wp-json\/wp\/v2\/tags?post=84085"}],"curies":[{"name":"wp","href":"https:\/\/api.w.org\/{rel}","templated":true}]}}