{"id":84117,"date":"2024-09-24T11:42:23","date_gmt":"2024-09-24T14:42:23","guid":{"rendered":"https:\/\/www.todoeldia.com\/?p=84117"},"modified":"2024-09-24T11:42:24","modified_gmt":"2024-09-24T14:42:24","slug":"brutal-agresion-a-un-chofer-de-colectivos-en-jose-c-paz-le-cortaron-tres-dedos-con-un-machete","status":"publish","type":"post","link":"https:\/\/www.todoeldia.com\/index.php\/2024\/09\/24\/brutal-agresion-a-un-chofer-de-colectivos-en-jose-c-paz-le-cortaron-tres-dedos-con-un-machete\/","title":{"rendered":"Brutal agresi\u00f3n a un chofer de colectivos en Jos\u00e9 C. Paz: le cortaron tres dedos con un machete"},"content":{"rendered":"\n<p>Un colectivero sufri\u00f3 un brutal ataque durante la noche del lunes en la localidad bonaerense de Jos\u00e9 C. Paz. Un grupo de delincuentes le cort\u00f3 tres dedos con un machete para robarle.<\/p>\n\n\n\n<p>Las tres l\u00edneas que involucran a la empresa Expreso Parque El Lucero (749, 449 y 391) est\u00e1n de paro en el d\u00eda del colectivero debido a la impactante agresi\u00f3n que sufri\u00f3 la v\u00edctima, quien se encuentra internado en un hospital local.<\/p>\n\n\n\n<p>La agresi\u00f3n ocurri\u00f3 unos minutos antes de la medianoche, cuando la v\u00edctima realizaba el \u00faltimo servicio del d\u00eda. Seg\u00fan relataron sus compa\u00f1eros, inicialmente no le tocaba hacer el recorrido. \u201cPor cosas del destino tuvo que ir \u00e9l\u201d, se\u00f1al\u00f3 otro de los choferes.<\/p>\n\n\n\n<p>De acuerdo al relato de los colectiveros, el chofer agredido hab\u00eda terminado el recorrido y ya no quedaba ninguna persona dentro del colectivo cuando un grupo de tres delincuentes se interpusieron en el camino.<\/p>\n\n\n\n<p>Al frenar para no atropellarlos, los agresores se metieron r\u00e1pidamente en el veh\u00edculo y lo agredieron para robarle. \u201cLe robaron el tel\u00e9fono y las pertenencias que ten\u00eda. No le dieron tiempo ni a resistirse, le pegaron y le dejaron el ojo y la nariz mal. Despu\u00e9s, con un machete le cortaron los dedos\u201d, se\u00f1alaron. \u201cEran tres, uno con un arma, otro con un cuchillo y otro que esperaba en la puerta\u201d, cont\u00f3 uno de los compa\u00f1eros que estuvo acompa\u00f1ando a la v\u00edctima durante toda la madrugada del martes.<\/p>\n","protected":false},"excerpt":{"rendered":"<p>Un colectivero sufri\u00f3 un brutal ataque durante la noche del lunes en la localidad bonaerense de Jos\u00e9 C. Paz. Un grupo de delincuentes le cort\u00f3 tres dedos con un machete para robarle. Las tres l\u00edneas que involucran a la empresa Expreso Parque El Lucero (749, 449 y 391) est\u00e1n de paro en el d\u00eda del [&hellip;]<\/p>\n","protected":false},"author":2,"featured_media":84118,"comment_status":"open","ping_status":"open","sticky":false,"template":"","format":"standard","meta":{"tdm_status":"","tdm_grid_status":"","_joinchat":[],"footnotes":""},"categories":[63],"tags":[],"class_list":{"0":"post-84117","1":"post","2":"type-post","3":"status-publish","4":"format-standard","5":"has-post-thumbnail","7":"category-policiales"},"amp_enabled":true,"_links":{"self":[{"href":"https:\/\/www.todoeldia.com\/index.php\/wp-json\/wp\/v2\/posts\/84117","targetHints":{"allow":["GET"]}}],"collection":[{"href":"https:\/\/www.todoeldia.com\/index.php\/wp-json\/wp\/v2\/posts"}],"about":[{"href":"https:\/\/www.todoeldia.com\/index.php\/wp-json\/wp\/v2\/types\/post"}],"author":[{"embeddable":true,"href":"https:\/\/www.todoeldia.com\/index.php\/wp-json\/wp\/v2\/users\/2"}],"replies":[{"embeddable":true,"href":"https:\/\/www.todoeldia.com\/index.php\/wp-json\/wp\/v2\/comments?post=84117"}],"version-history":[{"count":1,"href":"https:\/\/www.todoeldia.com\/index.php\/wp-json\/wp\/v2\/posts\/84117\/revisions"}],"predecessor-version":[{"id":84119,"href":"https:\/\/www.todoeldia.com\/index.php\/wp-json\/wp\/v2\/posts\/84117\/revisions\/84119"}],"wp:featuredmedia":[{"embeddable":true,"href":"https:\/\/www.todoeldia.com\/index.php\/wp-json\/wp\/v2\/media\/84118"}],"wp:attachment":[{"href":"https:\/\/www.todoeldia.com\/index.php\/wp-json\/wp\/v2\/media?parent=84117"}],"wp:term":[{"taxonomy":"category","embeddable":true,"href":"https:\/\/www.todoeldia.com\/index.php\/wp-json\/wp\/v2\/categories?post=84117"},{"taxonomy":"post_tag","embeddable":true,"href":"https:\/\/www.todoeldia.com\/index.php\/wp-json\/wp\/v2\/tags?post=84117"}],"curies":[{"name":"wp","href":"https:\/\/api.w.org\/{rel}","templated":true}]}}