{"id":84179,"date":"2024-09-24T20:51:30","date_gmt":"2024-09-24T23:51:30","guid":{"rendered":"https:\/\/www.todoeldia.com\/?p=84179"},"modified":"2024-09-24T20:51:32","modified_gmt":"2024-09-24T23:51:32","slug":"ya-son-7-los-detenidos-por-el-asesinato-de-un-joven-de-17-anos-en-morillo","status":"publish","type":"post","link":"https:\/\/www.todoeldia.com\/index.php\/2024\/09\/24\/ya-son-7-los-detenidos-por-el-asesinato-de-un-joven-de-17-anos-en-morillo\/","title":{"rendered":"Ya son 7 los detenidos por el asesinato de un joven de 17 a\u00f1os en Morillo"},"content":{"rendered":"\n<p>Por el hecho, ocurrido el pasado 15 de septiembre, se encuentran ya imputados dos mayores de edad y cuatro menores. La detenci\u00f3n del s\u00e9ptimo imputado se produjo a partir de los testimonios recibidos en el avance investigativo.<\/p>\n\n\n\n<p>El fiscal penal de la Unidad de Graves Atentados contra las Personas de Tartagal, Gonzalo Ariel Vega, imput\u00f3 de forma provisional a un hombre mayor de edad como coautor del delito de homicidio agravado por la participaci\u00f3n de menores de edad.<\/p>\n\n\n\n<p>Fue asistido por defensa oficial y se abstuvo de declarar. Desde la Fiscal\u00eda se solicit\u00f3 que permanezca detenido.<\/p>\n\n\n\n<p>El hecho ocurri\u00f3 el pasado domingo 15 de septiembre en la Comunidad La Cortada de Morillo, cuando el fallecido, un adolescente de 17 a\u00f1os, fue abordado junto a su hermano por un grupo de personas, quienes lo agredieron f\u00edsicamente golpe\u00e1ndolo en la cabeza con un elemento contundente y propin\u00e1ndole golpes y patadas, lo que caus\u00f3 su muerte en forma posterior, mientras se encontraba hospitalizado.<\/p>\n\n\n\n<p>La detenci\u00f3n de este nuevo imputado se produjo a partir del avance investigativo y la recepci\u00f3n de testimonios que aportaron informaci\u00f3n a la causa.<\/p>\n\n\n\n<p>Cabe recordar que ya se encuentran imputados dos hombres de 32 y 19 a\u00f1os como coautores del delito de homicidio agravado por la participaci\u00f3n de menores y a cuatro menores de edad (adolescentes) como coautores del delito de homicidio.<\/p>\n","protected":false},"excerpt":{"rendered":"<p>Por el hecho, ocurrido el pasado 15 de septiembre, se encuentran ya imputados dos mayores de edad y cuatro menores. La detenci\u00f3n del s\u00e9ptimo imputado se produjo a partir de los testimonios recibidos en el avance investigativo. El fiscal penal de la Unidad de Graves Atentados contra las Personas de Tartagal, Gonzalo Ariel Vega, imput\u00f3 [&hellip;]<\/p>\n","protected":false},"author":2,"featured_media":83749,"comment_status":"open","ping_status":"open","sticky":false,"template":"","format":"standard","meta":{"tdm_status":"","tdm_grid_status":"","_joinchat":[],"footnotes":""},"categories":[63],"tags":[],"class_list":{"0":"post-84179","1":"post","2":"type-post","3":"status-publish","4":"format-standard","5":"has-post-thumbnail","7":"category-policiales"},"amp_enabled":true,"_links":{"self":[{"href":"https:\/\/www.todoeldia.com\/index.php\/wp-json\/wp\/v2\/posts\/84179","targetHints":{"allow":["GET"]}}],"collection":[{"href":"https:\/\/www.todoeldia.com\/index.php\/wp-json\/wp\/v2\/posts"}],"about":[{"href":"https:\/\/www.todoeldia.com\/index.php\/wp-json\/wp\/v2\/types\/post"}],"author":[{"embeddable":true,"href":"https:\/\/www.todoeldia.com\/index.php\/wp-json\/wp\/v2\/users\/2"}],"replies":[{"embeddable":true,"href":"https:\/\/www.todoeldia.com\/index.php\/wp-json\/wp\/v2\/comments?post=84179"}],"version-history":[{"count":1,"href":"https:\/\/www.todoeldia.com\/index.php\/wp-json\/wp\/v2\/posts\/84179\/revisions"}],"predecessor-version":[{"id":84180,"href":"https:\/\/www.todoeldia.com\/index.php\/wp-json\/wp\/v2\/posts\/84179\/revisions\/84180"}],"wp:featuredmedia":[{"embeddable":true,"href":"https:\/\/www.todoeldia.com\/index.php\/wp-json\/wp\/v2\/media\/83749"}],"wp:attachment":[{"href":"https:\/\/www.todoeldia.com\/index.php\/wp-json\/wp\/v2\/media?parent=84179"}],"wp:term":[{"taxonomy":"category","embeddable":true,"href":"https:\/\/www.todoeldia.com\/index.php\/wp-json\/wp\/v2\/categories?post=84179"},{"taxonomy":"post_tag","embeddable":true,"href":"https:\/\/www.todoeldia.com\/index.php\/wp-json\/wp\/v2\/tags?post=84179"}],"curies":[{"name":"wp","href":"https:\/\/api.w.org\/{rel}","templated":true}]}}