{"id":84268,"date":"2024-09-26T10:48:46","date_gmt":"2024-09-26T13:48:46","guid":{"rendered":"https:\/\/www.todoeldia.com\/?p=84268"},"modified":"2024-09-26T10:48:47","modified_gmt":"2024-09-26T13:48:47","slug":"4-anos-a-la-carcel-para-el-narco-que-vendia-drogas-en-un-block-de-limache","status":"publish","type":"post","link":"https:\/\/www.todoeldia.com\/index.php\/2024\/09\/26\/4-anos-a-la-carcel-para-el-narco-que-vendia-drogas-en-un-block-de-limache\/","title":{"rendered":"4 a\u00f1os a la c\u00e1rcel para el narco que vend\u00eda drogas en un Block de Limache"},"content":{"rendered":"\n<p>Un hombre de 25 a\u00f1os fue condenado a cuatro a\u00f1os de prisi\u00f3n efectiva por el delito de tenencia de estupefacientes con fines de comercializaci\u00f3n.<\/p>\n\n\n\n<p>El imputado fue detenido tras una serie de investigaciones que comenzaron en febrero de 2023, cuando se recibi\u00f3 una denuncia an\u00f3nima en la que se se\u00f1alaba al acusado como vendedor de drogas. El informante se\u00f1alaba que llevaba a cabo la actividad il\u00edcita en un block de barrio Limache.<\/p>\n\n\n\n<p>Durante la investigaci\u00f3n, personal policial realiz\u00f3 tareas de vigilancia en el domicilio del imputado, documentando actividades sospechosas que inclu\u00edan intercambio de dinero por sustancias.<\/p>\n\n\n\n<p>En otro incidente, el acusado fue detenido mientras conduc\u00eda en estado de ebriedad y en esa ocasi\u00f3n se encontraron en su poder envoltorios con sustancias estupefacientes.<\/p>\n\n\n\n<p>El juez Federico Diez, vocal de la Sala VII del Tribunal de Juicio, admiti\u00f3 el juicio abreviado solicitado por las partes y conden\u00f3 al sujeto a cuatro a\u00f1os de prisi\u00f3n efectiva m\u00e1s multa. Tambi\u00e9n orden\u00f3 el decomiso y destrucci\u00f3n de los elementos secuestrados durante la investigaci\u00f3n, as\u00ed como el decomiso del 30 por ciento del dinero y tres tel\u00e9fonos celulares, que ser\u00e1n destinados al Ministerio P\u00fablico Fiscal.<\/p>\n\n\n\n<p>Adem\u00e1s, el juez orden\u00f3 que el condenado sea incluido en un programa de rehabilitaci\u00f3n para su adicci\u00f3n a las drogas mientras cumpla su condena en la Unidad Carcelaria 1 de Villa Las Rosas.<\/p>\n","protected":false},"excerpt":{"rendered":"<p>Un hombre de 25 a\u00f1os fue condenado a cuatro a\u00f1os de prisi\u00f3n efectiva por el delito de tenencia de estupefacientes con fines de comercializaci\u00f3n. El imputado fue detenido tras una serie de investigaciones que comenzaron en febrero de 2023, cuando se recibi\u00f3 una denuncia an\u00f3nima en la que se se\u00f1alaba al acusado como vendedor de [&hellip;]<\/p>\n","protected":false},"author":2,"featured_media":23379,"comment_status":"open","ping_status":"open","sticky":false,"template":"","format":"standard","meta":{"tdm_status":"","tdm_grid_status":"","_joinchat":[],"footnotes":""},"categories":[63],"tags":[],"class_list":{"0":"post-84268","1":"post","2":"type-post","3":"status-publish","4":"format-standard","5":"has-post-thumbnail","7":"category-policiales"},"amp_enabled":true,"_links":{"self":[{"href":"https:\/\/www.todoeldia.com\/index.php\/wp-json\/wp\/v2\/posts\/84268","targetHints":{"allow":["GET"]}}],"collection":[{"href":"https:\/\/www.todoeldia.com\/index.php\/wp-json\/wp\/v2\/posts"}],"about":[{"href":"https:\/\/www.todoeldia.com\/index.php\/wp-json\/wp\/v2\/types\/post"}],"author":[{"embeddable":true,"href":"https:\/\/www.todoeldia.com\/index.php\/wp-json\/wp\/v2\/users\/2"}],"replies":[{"embeddable":true,"href":"https:\/\/www.todoeldia.com\/index.php\/wp-json\/wp\/v2\/comments?post=84268"}],"version-history":[{"count":1,"href":"https:\/\/www.todoeldia.com\/index.php\/wp-json\/wp\/v2\/posts\/84268\/revisions"}],"predecessor-version":[{"id":84269,"href":"https:\/\/www.todoeldia.com\/index.php\/wp-json\/wp\/v2\/posts\/84268\/revisions\/84269"}],"wp:featuredmedia":[{"embeddable":true,"href":"https:\/\/www.todoeldia.com\/index.php\/wp-json\/wp\/v2\/media\/23379"}],"wp:attachment":[{"href":"https:\/\/www.todoeldia.com\/index.php\/wp-json\/wp\/v2\/media?parent=84268"}],"wp:term":[{"taxonomy":"category","embeddable":true,"href":"https:\/\/www.todoeldia.com\/index.php\/wp-json\/wp\/v2\/categories?post=84268"},{"taxonomy":"post_tag","embeddable":true,"href":"https:\/\/www.todoeldia.com\/index.php\/wp-json\/wp\/v2\/tags?post=84268"}],"curies":[{"name":"wp","href":"https:\/\/api.w.org\/{rel}","templated":true}]}}