{"id":84270,"date":"2024-09-26T11:45:25","date_gmt":"2024-09-26T14:45:25","guid":{"rendered":"https:\/\/www.todoeldia.com\/?p=84270"},"modified":"2024-09-26T11:45:27","modified_gmt":"2024-09-26T14:45:27","slug":"en-oran-una-violenta-mujer-amenazo-y-golpeo-con-una-pala-a-un-vecino-y-a-un-trabajador","status":"publish","type":"post","link":"https:\/\/www.todoeldia.com\/index.php\/2024\/09\/26\/en-oran-una-violenta-mujer-amenazo-y-golpeo-con-una-pala-a-un-vecino-y-a-un-trabajador\/","title":{"rendered":"En Or\u00e1n una violenta mujer amenaz\u00f3 y golpeo con una pala a un vecino y a un trabajador"},"content":{"rendered":"\n<p>La mujer, en compa\u00f1\u00eda de un hombre, ingres\u00f3 en el terreno de un vecino y entre insultos y amenazas, lo golpe\u00f3 con una pala, y ya en el suelo, el damnificado recibi\u00f3 golpes de pu\u00f1o y patadas.<\/p>\n\n\n\n<p>Un empleado que trabajaba en el cercado del terreno, tambi\u00e9n fue lesionado y golpeado. La mujer y su acompa\u00f1ante produjeron da\u00f1os en el cercado y tel\u00e9fonos celulares de los damnificados.<\/p>\n\n\n\n<p>El fiscal penal 3 de Or\u00e1n, Carlos Alberto Salinas, imput\u00f3 de forma provisional a una mujer de 23 a\u00f1os como autora de los delitos de amenazas, lesiones agravadas por haber sido cometidas con el concurso premeditado de dos o m\u00e1s personas, da\u00f1os y lesiones leves en concurso real y a un hombre mayor de edad, como autor de los delitos de lesiones leves agravadas por haber sido cometidas con el concurso premeditado de dos o m\u00e1s personas, da\u00f1os, y agresi\u00f3n con toda arma.<\/p>\n\n\n\n<p>Tras la audiencia de imputaci\u00f3n, desde la Fiscal\u00eda se solicit\u00f3 que ambos acusados permanezcan detenidos.<\/p>\n\n\n\n<p>Los acusados fueron denunciados por violentos hechos en perjuicio de un vecino y de un empleado de \u00e9ste, en raz\u00f3n de que seg\u00fan se\u00f1ala el damnificado, el hombre y la mujer se presentaron en su terreno, profiriendo insultos y amenazas, lo golpearon con una pala y estando en el suelo, le propinaron golpes de pu\u00f1o y patadas.<\/p>\n\n\n\n<p>Tambi\u00e9n le da\u00f1aron el celular con el que intentaba filmar lo que suced\u00eda y un empleado suyo fue lesionado en una mano y causaron da\u00f1os en el cerco perimetral.<\/p>\n","protected":false},"excerpt":{"rendered":"<p>La mujer, en compa\u00f1\u00eda de un hombre, ingres\u00f3 en el terreno de un vecino y entre insultos y amenazas, lo golpe\u00f3 con una pala, y ya en el suelo, el damnificado recibi\u00f3 golpes de pu\u00f1o y patadas. Un empleado que trabajaba en el cercado del terreno, tambi\u00e9n fue lesionado y golpeado. La mujer y su [&hellip;]<\/p>\n","protected":false},"author":2,"featured_media":82044,"comment_status":"open","ping_status":"open","sticky":false,"template":"","format":"standard","meta":{"tdm_status":"","tdm_grid_status":"","_joinchat":[],"footnotes":""},"categories":[63],"tags":[],"class_list":{"0":"post-84270","1":"post","2":"type-post","3":"status-publish","4":"format-standard","5":"has-post-thumbnail","7":"category-policiales"},"amp_enabled":true,"_links":{"self":[{"href":"https:\/\/www.todoeldia.com\/index.php\/wp-json\/wp\/v2\/posts\/84270","targetHints":{"allow":["GET"]}}],"collection":[{"href":"https:\/\/www.todoeldia.com\/index.php\/wp-json\/wp\/v2\/posts"}],"about":[{"href":"https:\/\/www.todoeldia.com\/index.php\/wp-json\/wp\/v2\/types\/post"}],"author":[{"embeddable":true,"href":"https:\/\/www.todoeldia.com\/index.php\/wp-json\/wp\/v2\/users\/2"}],"replies":[{"embeddable":true,"href":"https:\/\/www.todoeldia.com\/index.php\/wp-json\/wp\/v2\/comments?post=84270"}],"version-history":[{"count":1,"href":"https:\/\/www.todoeldia.com\/index.php\/wp-json\/wp\/v2\/posts\/84270\/revisions"}],"predecessor-version":[{"id":84271,"href":"https:\/\/www.todoeldia.com\/index.php\/wp-json\/wp\/v2\/posts\/84270\/revisions\/84271"}],"wp:featuredmedia":[{"embeddable":true,"href":"https:\/\/www.todoeldia.com\/index.php\/wp-json\/wp\/v2\/media\/82044"}],"wp:attachment":[{"href":"https:\/\/www.todoeldia.com\/index.php\/wp-json\/wp\/v2\/media?parent=84270"}],"wp:term":[{"taxonomy":"category","embeddable":true,"href":"https:\/\/www.todoeldia.com\/index.php\/wp-json\/wp\/v2\/categories?post=84270"},{"taxonomy":"post_tag","embeddable":true,"href":"https:\/\/www.todoeldia.com\/index.php\/wp-json\/wp\/v2\/tags?post=84270"}],"curies":[{"name":"wp","href":"https:\/\/api.w.org\/{rel}","templated":true}]}}