{"id":84274,"date":"2024-09-26T12:03:19","date_gmt":"2024-09-26T15:03:19","guid":{"rendered":"https:\/\/www.todoeldia.com\/?p=84274"},"modified":"2024-09-26T12:03:20","modified_gmt":"2024-09-26T15:03:20","slug":"la-bomba-que-lanzo-angel-de-brito-sobre-la-separacion-de-pampita-y-roberto-garcia-moritan","status":"publish","type":"post","link":"https:\/\/www.todoeldia.com\/index.php\/2024\/09\/26\/la-bomba-que-lanzo-angel-de-brito-sobre-la-separacion-de-pampita-y-roberto-garcia-moritan\/","title":{"rendered":"La bomba que lanz\u00f3 \u00c1ngel de Brito sobre la separaci\u00f3n de Pampita y Roberto Garc\u00eda Morit\u00e1n"},"content":{"rendered":"\n<p>El conductor se refiri\u00f3 nuevamente a la crisis que atraviesan la modelo y el pol\u00edtico y sorprendi\u00f3 con un dato no menor; qu\u00e9 dijo.<\/p>\n\n\n\n<p>Desde hace m\u00e1s de una semana que Carolina \u2018Pampita\u2019 Ardohain y Roberto Garc\u00eda Morit\u00e1n est\u00e1n dando de qu\u00e9 hablar. Rumores de crisis, infidelidades y separaci\u00f3n cobraron fuerza y, pese a que el empresario sali\u00f3 a aclarar un par de veces su situaci\u00f3n, cada d\u00eda que pasa parece que la pareja, que inici\u00f3 su romance por el 2019 y tres meses despu\u00e9s dio el s\u00ed, est\u00e1 a punto de romperse.<\/p>\n\n\n\n<p>Como si esto fuera poco, en las \u00faltimas horas, \u00c1ngel de Brito utiliz\u00f3 su cuenta de X para anunciar lo que muchos pronosticaron. \u201cLa separaci\u00f3n es definitiva. Avanza el divorcio\u201d, escribi\u00f3 el conductor de LAM (Am\u00e9rica TV).<\/p>\n\n\n\n<figure class=\"wp-block-image size-full is-resized\"><img loading=\"lazy\" decoding=\"async\" width=\"780\" height=\"793\" src=\"https:\/\/www.todoeldia.com\/wp-content\/uploads\/2024\/09\/image-227.png\" alt=\"\" class=\"wp-image-84275\" style=\"width:1068px;height:auto\" srcset=\"https:\/\/www.todoeldia.com\/wp-content\/uploads\/2024\/09\/image-227.png 780w, https:\/\/www.todoeldia.com\/wp-content\/uploads\/2024\/09\/image-227-295x300.png 295w, https:\/\/www.todoeldia.com\/wp-content\/uploads\/2024\/09\/image-227-768x781.png 768w, https:\/\/www.todoeldia.com\/wp-content\/uploads\/2024\/09\/image-227-413x420.png 413w, https:\/\/www.todoeldia.com\/wp-content\/uploads\/2024\/09\/image-227-300x305.png 300w, https:\/\/www.todoeldia.com\/wp-content\/uploads\/2024\/09\/image-227-696x708.png 696w\" sizes=\"auto, (max-width: 780px) 100vw, 780px\" \/><\/figure>\n\n\n\n<p>Horas despu\u00e9s de la primicia del periodista, Garc\u00eda Morit\u00e1n habl\u00f3 en A la tarde (Am\u00e9rica TV), cuando fue interceptado por un cronista a la salida de un restaurante en Palermo. \u201c\u00bfEst\u00e1n separados con Pampita?\u201d; \u201c\u00bfEs verdad que se viene el divorcio?\u201d; \u201c\u00bfYa no viven juntos?\u201d, quiso saber Oliver Quiroz, pero el ministro de Desarrollo Econ\u00f3mico de la Ciudad de Buenos Aires respondi\u00f3: \u201cHablemos de cosas importantes. Pasan muchas cosas en el pa\u00eds\u201d.<\/p>\n\n\n\n<p>Al escucharlo, el periodista lanz\u00f3: \u201c\u00bfTu relaci\u00f3n con Pampita no es importante?\u201d. Pero lejos de querer aclarar la situaci\u00f3n con la madre de su peque\u00f1a hija Anita, el empresario asegur\u00f3 que no iba a hablar de temas personales, aunque luego admiti\u00f3: \u201cNada me llama la atenci\u00f3n de lo que est\u00e1 pasando \u00faltimamente\u201d.<\/p>\n","protected":false},"excerpt":{"rendered":"<p>El conductor se refiri\u00f3 nuevamente a la crisis que atraviesan la modelo y el pol\u00edtico y sorprendi\u00f3 con un dato no menor; qu\u00e9 dijo. Desde hace m\u00e1s de una semana que Carolina \u2018Pampita\u2019 Ardohain y Roberto Garc\u00eda Morit\u00e1n est\u00e1n dando de qu\u00e9 hablar. Rumores de crisis, infidelidades y separaci\u00f3n cobraron fuerza y, pese a que [&hellip;]<\/p>\n","protected":false},"author":2,"featured_media":84276,"comment_status":"open","ping_status":"open","sticky":false,"template":"","format":"standard","meta":{"tdm_status":"","tdm_grid_status":"","_joinchat":[],"footnotes":""},"categories":[120],"tags":[],"class_list":{"0":"post-84274","1":"post","2":"type-post","3":"status-publish","4":"format-standard","5":"has-post-thumbnail","7":"category-espectaculos-2"},"amp_enabled":true,"_links":{"self":[{"href":"https:\/\/www.todoeldia.com\/index.php\/wp-json\/wp\/v2\/posts\/84274","targetHints":{"allow":["GET"]}}],"collection":[{"href":"https:\/\/www.todoeldia.com\/index.php\/wp-json\/wp\/v2\/posts"}],"about":[{"href":"https:\/\/www.todoeldia.com\/index.php\/wp-json\/wp\/v2\/types\/post"}],"author":[{"embeddable":true,"href":"https:\/\/www.todoeldia.com\/index.php\/wp-json\/wp\/v2\/users\/2"}],"replies":[{"embeddable":true,"href":"https:\/\/www.todoeldia.com\/index.php\/wp-json\/wp\/v2\/comments?post=84274"}],"version-history":[{"count":1,"href":"https:\/\/www.todoeldia.com\/index.php\/wp-json\/wp\/v2\/posts\/84274\/revisions"}],"predecessor-version":[{"id":84277,"href":"https:\/\/www.todoeldia.com\/index.php\/wp-json\/wp\/v2\/posts\/84274\/revisions\/84277"}],"wp:featuredmedia":[{"embeddable":true,"href":"https:\/\/www.todoeldia.com\/index.php\/wp-json\/wp\/v2\/media\/84276"}],"wp:attachment":[{"href":"https:\/\/www.todoeldia.com\/index.php\/wp-json\/wp\/v2\/media?parent=84274"}],"wp:term":[{"taxonomy":"category","embeddable":true,"href":"https:\/\/www.todoeldia.com\/index.php\/wp-json\/wp\/v2\/categories?post=84274"},{"taxonomy":"post_tag","embeddable":true,"href":"https:\/\/www.todoeldia.com\/index.php\/wp-json\/wp\/v2\/tags?post=84274"}],"curies":[{"name":"wp","href":"https:\/\/api.w.org\/{rel}","templated":true}]}}