{"id":84393,"date":"2024-09-27T21:00:24","date_gmt":"2024-09-28T00:00:24","guid":{"rendered":"https:\/\/www.todoeldia.com\/?p=84393"},"modified":"2024-09-28T14:08:30","modified_gmt":"2024-09-28T17:08:30","slug":"fifa-sanciono-a-emiliano-dibu-martinez-y-se-perdera-los-contra-venezuela-y-bolivia","status":"publish","type":"post","link":"https:\/\/www.todoeldia.com\/index.php\/2024\/09\/27\/fifa-sanciono-a-emiliano-dibu-martinez-y-se-perdera-los-contra-venezuela-y-bolivia\/","title":{"rendered":"FIFA sancion\u00f3 a Emiliano Dibu Mart\u00ednez y se perder\u00e1 los partidos contra Venezuela y Bolivia"},"content":{"rendered":"\n<p>El arquero de la Albiceleste fue castigado por su conducta contra un camar\u00f3grafo una vez consumada la derrota frente a Colombia.<\/p>\n\n\n\n<p>Lionel Scaloni recibi\u00f3 una p\u00e9sima noticia: no podr\u00e1 contar con Emiliano Mart\u00ednez en la selecci\u00f3n argentina de cara a la doble fecha de las Eliminatorias Sudamericanas que se desarrollar\u00e1 en octubre. De esta manera, se perder\u00e1 la 9\u00aa fecha contra Venezuela de visitante y la jornada 10 frente a Bolivia, de local.<\/p>\n\n\n\n<p>Seg\u00fan pudo saber Infobae con fuentes de FIFA, la Comisi\u00f3n Disciplinaria decidi\u00f3 imponerle una suspensi\u00f3n de dos partidos por infracciones vinculadas al art\u00edculo 13 del C\u00f3digo Disciplinario de ese organismo con sede en Suiza. La decisi\u00f3n est\u00e1 vinculada a sucesos que ocurrieron durante el partido de la Selecci\u00f3n ante Chile que termin\u00f3 con un triunfo 3-0 el pasado 5 de septiembre y en el juego posterior, con derrota 2-1 frente a Colombia, el 10 de septiembre. Al mismo tiempo, deber\u00e1 hacerle frente a una multa econ\u00f3mica de 15 mil francos suizos (alrededor de 18 mil d\u00f3lares).<\/p>\n","protected":false},"excerpt":{"rendered":"<p>El arquero de la Albiceleste fue castigado por su conducta contra un camar\u00f3grafo una vez consumada la derrota frente a Colombia. Lionel Scaloni recibi\u00f3 una p\u00e9sima noticia: no podr\u00e1 contar con Emiliano Mart\u00ednez en la selecci\u00f3n argentina de cara a la doble fecha de las Eliminatorias Sudamericanas que se desarrollar\u00e1 en octubre. De esta manera, [&hellip;]<\/p>\n","protected":false},"author":2,"featured_media":55479,"comment_status":"open","ping_status":"open","sticky":false,"template":"","format":"standard","meta":{"tdm_status":"","tdm_grid_status":"","_joinchat":[],"footnotes":""},"categories":[62],"tags":[],"class_list":{"0":"post-84393","1":"post","2":"type-post","3":"status-publish","4":"format-standard","5":"has-post-thumbnail","7":"category-deportes"},"amp_enabled":true,"_links":{"self":[{"href":"https:\/\/www.todoeldia.com\/index.php\/wp-json\/wp\/v2\/posts\/84393","targetHints":{"allow":["GET"]}}],"collection":[{"href":"https:\/\/www.todoeldia.com\/index.php\/wp-json\/wp\/v2\/posts"}],"about":[{"href":"https:\/\/www.todoeldia.com\/index.php\/wp-json\/wp\/v2\/types\/post"}],"author":[{"embeddable":true,"href":"https:\/\/www.todoeldia.com\/index.php\/wp-json\/wp\/v2\/users\/2"}],"replies":[{"embeddable":true,"href":"https:\/\/www.todoeldia.com\/index.php\/wp-json\/wp\/v2\/comments?post=84393"}],"version-history":[{"count":2,"href":"https:\/\/www.todoeldia.com\/index.php\/wp-json\/wp\/v2\/posts\/84393\/revisions"}],"predecessor-version":[{"id":84395,"href":"https:\/\/www.todoeldia.com\/index.php\/wp-json\/wp\/v2\/posts\/84393\/revisions\/84395"}],"wp:featuredmedia":[{"embeddable":true,"href":"https:\/\/www.todoeldia.com\/index.php\/wp-json\/wp\/v2\/media\/55479"}],"wp:attachment":[{"href":"https:\/\/www.todoeldia.com\/index.php\/wp-json\/wp\/v2\/media?parent=84393"}],"wp:term":[{"taxonomy":"category","embeddable":true,"href":"https:\/\/www.todoeldia.com\/index.php\/wp-json\/wp\/v2\/categories?post=84393"},{"taxonomy":"post_tag","embeddable":true,"href":"https:\/\/www.todoeldia.com\/index.php\/wp-json\/wp\/v2\/tags?post=84393"}],"curies":[{"name":"wp","href":"https:\/\/api.w.org\/{rel}","templated":true}]}}