{"id":84402,"date":"2024-09-28T19:42:53","date_gmt":"2024-09-28T22:42:53","guid":{"rendered":"https:\/\/www.todoeldia.com\/?p=84402"},"modified":"2024-09-28T19:42:55","modified_gmt":"2024-09-28T22:42:55","slug":"una-encuesta-detecto-que-enojarse-con-periodistas-afecta-la-imagen-de-javier-milei-por-diego-dillenberger","status":"publish","type":"post","link":"https:\/\/www.todoeldia.com\/index.php\/2024\/09\/28\/una-encuesta-detecto-que-enojarse-con-periodistas-afecta-la-imagen-de-javier-milei-por-diego-dillenberger\/","title":{"rendered":"Una encuesta detect\u00f3 que enojarse con periodistas afecta la imagen de Javier Milei. Por Diego Dillenberger"},"content":{"rendered":"\n<p>Es transversal a todas las edades, votantes y clases sociales: no caen bien las diatribas del Presidente contra los medios. Septiembre se va con nuevas ca\u00eddas en las encuestas que deber\u00edan hacer sonar alarmas en los asesores de comunicaci\u00f3n del Gobierno.<\/p>\n\n\n\n<p>\u201cEnsobrados\u201d, \u201cmentirosos\u201d, \u201cignorantes\u201d, \u201cdivulgadores de fake news\u201d: Javier Milei nunca duda en ventilar su bronca contra los periodistas que lo critican. Desde su filosa cuenta de X (Twitter), cuando ataca el Presidente, lo sigue un s\u00e9quito de fan\u00e1ticos y -sobre todo- muchos trolls que replican sus diatribas.<\/p>\n\n\n\n<p>Tres semanas atr\u00e1s, un sondeo entre expertos en comunicaci\u00f3n alertaba de forma casi un\u00e1nime: el maltrato a los medios podr\u00eda afectar la propia imagen del primer mandatario ante la opini\u00f3n p\u00fablica. Hasta hace unos d\u00edas, se entend\u00eda que las diatribas contra los medios de comunicaci\u00f3n enfervorec\u00edan a los seguidores de su n\u00facleo duro de votantes y as\u00ed se interpretaba que la estrategia detr\u00e1s de los agravios a los periodistas pod\u00eda ser una forma de Milei de animar a su n\u00facleo m\u00e1s duro de fieles.<\/p>\n\n\n\n<p>Pero desde la semana pasada se sabe que los comunic\u00f3logos ten\u00edan raz\u00f3n: los agravios a los periodistas est\u00e1n afectando la imagen del Presidente. La \u00faltima encuesta bimestral de la Universidad de San Andr\u00e9s muestra que apenas el 16 por ciento de los argentinos aprueba las reacciones furiosas del Presidente contra los medios.<\/p>\n\n\n\n<p>Qu\u00e9 dice la encuesta sobre Milei y los periodistas<\/p>\n\n\n\n<p>La encuesta que hizo el equipo dirigido por el profesor Diego Reynoso sali\u00f3 a preguntar \u201c\u00bfcu\u00e1l es tu opini\u00f3n respecto a las reacciones del gobierno con los periodistas que lo critican?\u201d y solo esa \u00ednfima minor\u00eda cree que est\u00e1 \u201cbien\u201d o \u201cmuy bien\u201d. Para el 70 por ciento, est\u00e1 directamente mal o muy mal.<\/p>\n\n\n\n<p>La encuesta de San Andr\u00e9s muestra que el rechazo a los enojos del Presidente con la prensa es transversal a toda la sociedad. Exactamente la mitad de sus votantes de la primera vuelta de octubre del a\u00f1o pasado desaprueba los enojos de Milei con los medios. S\u00f3lo un tercio de ese n\u00facleo duro se define a favor de las diatribas presidenciales contra el periodismo.<\/p>\n\n\n\n<p>Tampoco caen bien los enojos con los periodistas en sus votantes juveniles de la generaci\u00f3n Z -o sub 27- entre los que est\u00e1 el mayor caudal de electores libertarios: a apenas 17 por ciento de los j\u00f3venes le caen bien los enojos del Presidente con los medios. Previsiblemente, entre los \u201cviejos meados\u201d (mayores de 60), el maltrato verbal a los periodistas cae peor todav\u00eda: solo el 12 por ciento lo aprueba, contra 82 por ciento que lo rechaza. No hay grandes diferencias entre las diversas clases sociales ni entre hombres y mujeres: no caen bien las diatribas contra los medios.<\/p>\n\n\n\n<p>\u00bfLe vendieron a Milei \u201cpescado podrido\u201d de que pod\u00eda mejorar su imagen mostrando su enojo con los medios?<\/p>\n\n\n\n<p>Para la encuestadora Cecilia Mosto, de CIO, hay una confusi\u00f3n bastante arraigada en la pol\u00edtica: cuando se compara la imagen de distintos actores y sectores sociales con \u201clos medios\u201d, el periodismo aparece \u201cen el mont\u00f3n\u201d y con una confiabilidad m\u00e1s bien mediocre, no muy distinta a la de los pol\u00edticos o los empresarios.<\/p>\n\n\n\n<p>&nbsp;\u201cPero cuando preguntamos por los periodistas y medios que sigue la gente, el resultado es totalmente diferente, y los periodistas se ubican en lo m\u00e1s alto de la confiabilidad\u201d, explica la polit\u00f3loga de CIO. Mosto dice que el periodismo -como grupo gen\u00e9rico- no solo en la Argentina, sino en buena parte del planeta, cay\u00f3 en la \u201cgrieta pol\u00edtica\u201d. Pero el p\u00fablico sigue confiando en los periodistas que elige seguir.<\/p>\n\n\n\n<p>\u00bfLe habr\u00e1n pasado a Milei este dato? \u00bfSus asesores entender\u00e1n que al tratar de \u201censobrados\u201d a los periodistas, tambi\u00e9n est\u00e1 atacando a las audiencias que les creen?<\/p>\n\n\n\n<p>Las diatribas de Milei contra los medios afectan la imagen del propio Gobierno, pero no es el principal motivo por el que su nivel de aprobaci\u00f3n baj\u00f3 de 55 a 46 por ciento en nueve meses a un ritmo promedio de un punto por mes.<\/p>\n\n\n\n<p>A esa misma altura del mandato, Mauricio Macri manten\u00eda un 55 por ciento de aprobaci\u00f3n, aunque Alberto Fern\u00e1ndez a los nueve meses ya se hab\u00eda derrumbado a menos de 40 por ciento -desde un pico de 67 por ciento en abril de 2020.<\/p>\n\n\n\n<p>La pol\u00edtica econ\u00f3mica y una se\u00f1al de alerta<\/p>\n\n\n\n<p>Seg\u00fan la encuesta de San Andr\u00e9s de septiembre, la insatisfacci\u00f3n con la pol\u00edtica econ\u00f3mica del gobierno de Milei tiene mucho m\u00e1s que ver con la baja de aprobaci\u00f3n que los insultos de Milei a los medios: el 60 por ciento declara estar \u201cinsatisfecho\u201d con la pol\u00edtica econ\u00f3mica.<\/p>\n\n\n\n<p>Otro dato de la encuesta de San Andr\u00e9s que deber\u00eda encender luces amarillas en el tablero de control de la comunicaci\u00f3n que maneja el s\u00faperasesor presidencial Santiago Caputo es el de las expectativas hacia el futuro: d\u00edas despu\u00e9s de asumir, la \u201cesperanza\u201d de los votantes hab\u00eda pegado un fuerte salto del \u201csubsuelo\u201d de diez por ciento en el que lo dej\u00f3 Alberto Fern\u00e1ndez a m\u00e1s de 40 por ciento contra un pesimismo de 36 por ciento. En septiembre, el optimismo baj\u00f3 y empat\u00f3 con el pesimismo sobre el futuro en 38 por ciento: nada desesperante, pero es una se\u00f1al de alerta de que puede preanunciar turbulencias en el pr\u00f3ximo a\u00f1o electoral.<\/p>\n\n\n\n<p>La imagen de Milei tambi\u00e9n sufri\u00f3 como consecuencia de la demora de los resultados de su ajuste fiscal: arranc\u00f3 con 48 por ciento de imagen positiva en enero y un diferencial a favor de cinco puntos entre la positiva y la negativa. En septiembre, su imagen baj\u00f3 a 43 por ciento, con una negativa que trep\u00f3 al 52 por ciento.<\/p>\n\n\n\n<p>Ese dato tambi\u00e9n deber\u00eda encender las alarmas en el tablero de control del joven Caputo: el diferencial cay\u00f3 13 puntos. Milei, junto con la vicepresidenta Victoria Villarruel y la ministra de Seguridad Patricia Bullrich, no dejaron el podio de los tres pol\u00edticos mejor valorados de la Argentina, pero las diferencias con \u201cla casta\u201d se est\u00e1n achicando velozmente.<\/p>\n\n\n\n<p>La cadena, la ONU y el \u201capag\u00f3n\u201d medi\u00e1tico y digital<\/p>\n\n\n\n<p>No solo la demora en los resultados del ajuste afecta la aprobaci\u00f3n de su gobierno: peque\u00f1os gestos en una crisis pueden hacer la diferencia. Milei tuvo una fuerte se\u00f1al de advertencia con la estrepitosa ca\u00edda del rating en TV abierta de su \u00faltima cadena nacional con la que invadi\u00f3 el prime time. Del promedio t\u00edpico de 15 puntos de un domingo a la noche, el encendido cay\u00f3 a la tercera parte no bien Milei empez\u00f3 a leer su discurso. El \u201capag\u00f3n\u201d fue similar en las redes sociales, donde Milei se siente m\u00e1s c\u00f3modo, a apenas el diez por ciento de la \u201cconversaci\u00f3n\u201d que hab\u00eda generado su asunci\u00f3n el 10 de diciembre, seg\u00fan la consultora Ad Hoc.<\/p>\n\n\n\n<p>El desinter\u00e9s por el l\u00edder libertario qued\u00f3 plasmado a nivel mundial: el discurso de Milei en Davos en enero tuvo un mill\u00f3n de comentarios en social media. La semana pasada, sus duras palabras contra las Naciones Unidas en Nueva York tuvieron la tercera parte de la repercusi\u00f3n de la cumbre econ\u00f3mica en los Alpes suizos de inicio de su mandato, seg\u00fan esa consultora de monitoreo de redes sociales.<\/p>\n\n\n\n<p>Otro gesto que podr\u00eda estar rest\u00e1ndole \u201crating\u201d a Milei es cierta falta de oportunidad y \u201ctono\u201d adecuado en momentos en los que sus pol\u00edticas econ\u00f3micas est\u00e1n demorando los resultados. El jueves, apenas minutos despu\u00e9s de que los portales, las radios y las se\u00f1ales de noticias transmitieran la dolorosa cifra de pobreza del INDEC del primer trimestre -de 53 por ciento y la m\u00e1s alta en dos d\u00e9cadas- el equipo de comunicaci\u00f3n de Presidencia difundi\u00f3 la foto del Presidente saludando desde el hist\u00f3rico balc\u00f3n de la Casa Rosada junto a Susana Gim\u00e9nez, la diva que ese domingo lo hab\u00eda quintuplicado en rating con el estreno de su nuevo ciclo y que, a pedido de la secretaria general de Presidencia, Karina Milei, hab\u00eda debido postergar por la cadena oficial que hizo caer el rating a niveles m\u00ednimos.<\/p>\n\n\n\n<p>Para no ser menos, Presidencia tambi\u00e9n difundi\u00f3 al mismo tiempo una foto de la hermana del Presidente con la diva de los tel\u00e9fonos jugando con Thor, el perro \u201coficial\u201d que adopt\u00f3 la Casa Rosada: peque\u00f1os gestos que despu\u00e9s se reflejan en las encuestas y que leen atentamente los opositores.<\/p>\n\n\n\n<p>En la semana en la que -finalmente- qued\u00f3 reglamentada la reforma laboral, los sindicalistas del transporte, encabezados por el camionero Pablo Moyano, anunciaron un paro para el 17 de octubre para protestar contra esa modernizaci\u00f3n del vetusto sistema laboral argentino.<\/p>\n\n\n\n<p>Las encuestas, otra vez en el centro de la escena pol\u00edtica: la Universidad de San Andr\u00e9s med\u00eda que la reforma laboral ten\u00eda 64 por ciento de aprobaci\u00f3n tres a\u00f1os atr\u00e1s. Ahora que finalmente esa reforma se concret\u00f3, un sondeo de la consultora Indaga RSO indica que dos tercios cree que la reforma laboral de la ley Bases \u201cno mejorar\u00e1 la situaci\u00f3n de los trabajadores\u201d.<\/p>\n\n\n\n<p>Pero ante la pregunta de si \u201cconoce el contenido de la reforma laboral\u201d, apenas el 28 por ciento dec\u00eda conocerlo: algo no anda bien en la comunicaci\u00f3n del Gobierno y no es por culpa de los periodistas.<\/p>\n","protected":false},"excerpt":{"rendered":"<p>Es transversal a todas las edades, votantes y clases sociales: no caen bien las diatribas del Presidente contra los medios. Septiembre se va con nuevas ca\u00eddas en las encuestas que deber\u00edan hacer sonar alarmas en los asesores de comunicaci\u00f3n del Gobierno. \u201cEnsobrados\u201d, \u201cmentirosos\u201d, \u201cignorantes\u201d, \u201cdivulgadores de fake news\u201d: Javier Milei nunca duda en ventilar su [&hellip;]<\/p>\n","protected":false},"author":2,"featured_media":83135,"comment_status":"open","ping_status":"open","sticky":false,"template":"","format":"standard","meta":{"tdm_status":"","tdm_grid_status":"","_joinchat":[],"footnotes":""},"categories":[71],"tags":[],"class_list":{"0":"post-84402","1":"post","2":"type-post","3":"status-publish","4":"format-standard","5":"has-post-thumbnail","7":"category-columnistas"},"amp_enabled":true,"_links":{"self":[{"href":"https:\/\/www.todoeldia.com\/index.php\/wp-json\/wp\/v2\/posts\/84402","targetHints":{"allow":["GET"]}}],"collection":[{"href":"https:\/\/www.todoeldia.com\/index.php\/wp-json\/wp\/v2\/posts"}],"about":[{"href":"https:\/\/www.todoeldia.com\/index.php\/wp-json\/wp\/v2\/types\/post"}],"author":[{"embeddable":true,"href":"https:\/\/www.todoeldia.com\/index.php\/wp-json\/wp\/v2\/users\/2"}],"replies":[{"embeddable":true,"href":"https:\/\/www.todoeldia.com\/index.php\/wp-json\/wp\/v2\/comments?post=84402"}],"version-history":[{"count":1,"href":"https:\/\/www.todoeldia.com\/index.php\/wp-json\/wp\/v2\/posts\/84402\/revisions"}],"predecessor-version":[{"id":84403,"href":"https:\/\/www.todoeldia.com\/index.php\/wp-json\/wp\/v2\/posts\/84402\/revisions\/84403"}],"wp:featuredmedia":[{"embeddable":true,"href":"https:\/\/www.todoeldia.com\/index.php\/wp-json\/wp\/v2\/media\/83135"}],"wp:attachment":[{"href":"https:\/\/www.todoeldia.com\/index.php\/wp-json\/wp\/v2\/media?parent=84402"}],"wp:term":[{"taxonomy":"category","embeddable":true,"href":"https:\/\/www.todoeldia.com\/index.php\/wp-json\/wp\/v2\/categories?post=84402"},{"taxonomy":"post_tag","embeddable":true,"href":"https:\/\/www.todoeldia.com\/index.php\/wp-json\/wp\/v2\/tags?post=84402"}],"curies":[{"name":"wp","href":"https:\/\/api.w.org\/{rel}","templated":true}]}}