{"id":84439,"date":"2024-09-30T10:59:48","date_gmt":"2024-09-30T13:59:48","guid":{"rendered":"https:\/\/www.todoeldia.com\/?p=84439"},"modified":"2024-09-30T11:05:43","modified_gmt":"2024-09-30T14:05:43","slug":"un-vecino-detuvo-a-un-ladron-que-entro-a-robar-a-su-casa-y-murio-en-el-patrullero-de-la-policia","status":"publish","type":"post","link":"https:\/\/www.todoeldia.com\/index.php\/2024\/09\/30\/un-vecino-detuvo-a-un-ladron-que-entro-a-robar-a-su-casa-y-murio-en-el-patrullero-de-la-policia\/","title":{"rendered":"Un vecino detuvo a un ladr\u00f3n que entro a robar, se lo llev\u00f3 la policia y muri\u00f3 en el patrullero"},"content":{"rendered":"\n<p>La persona hab\u00eda sido aprehendida despu\u00e9s de que un vecino lo redujera cuando intent\u00f3 entrar a su vivienda.<\/p>\n\n\n\n<p>Un detenido muri\u00f3 dentro de un patrullero en Merlo y la Justicia investiga qu\u00e9 ocurri\u00f3 en el m\u00f3vil policial tras haber sido aprehendido por un vecino que lo redujo cuando intent\u00f3 ingresar a su vivienda con fines de robo.<\/p>\n\n\n\n<p>El caso tuvo lugar en un domicilio de la calle La Prensa al 100 cuando un sargento del Ej\u00e9rcito Argentino llam\u00f3 al 911 para advertir que hab\u00eda capturado a un hombre que quiso entrar a su casa tras saltar una reja perimetral.<\/p>\n\n\n\n<p>De forma inmediata un patrullero se acerc\u00f3 hasta el lugar, los agentes detuvieron al supuesto ladr\u00f3n y lo ubicaron en la parte trasera de la camioneta para llevarlo hasta la comisar\u00eda.<\/p>\n\n\n\n<p>Sin embargo, de acuerdo a la informaci\u00f3n aportada por el medio Primer Plano Online, la situaci\u00f3n se sali\u00f3 de control cuando el sujeto comenz\u00f3 a \u201cpatear las puertas del m\u00f3vil y a pegarle cabezazos a la reja de separaci\u00f3n\u201d.<\/p>\n\n\n\n<p>Al llegar a la comisar\u00eda 2\u00aa de Padua los efectivos constataron que el hombre estaba inconsciente, por lo que se orden\u00f3 su inmediato traslado al hospital Eva Per\u00f3n.<\/p>\n\n\n\n<p>Ya en la instituci\u00f3n m\u00e9dica se constat\u00f3 que el ladr\u00f3n hab\u00eda fallecido y ahora la Justicia trata de determinar c\u00f3mo se desencaden\u00f3 el tr\u00e1gico final.<\/p>\n\n\n\n<p>La causa qued\u00f3 en manos de la Ayudant\u00eda Especializada en Violencia Institucional, a cargo de Juan Cruz Bamonte, quien dispuso la realizaci\u00f3n de una autopsia para saber c\u00f3mo muri\u00f3.<\/p>\n\n\n\n<p>\u201cSer\u00e1 la autopsia la que determinar\u00e1 los causales de la muerte y si el fallecido estaba bajo los efectos de alguna droga o alcohol\u201d, explicaron voceros a dicho medio.<\/p>\n\n\n\n<p>La duda de la Justicia es si el sujeto muri\u00f3 por cuestiones naturales, la ingesta de alguna sustancia o violencia institucional.<\/p>\n\n\n\n<p>Con respecto a los efectivos que estaban a cargo del traslado, se indic\u00f3 que hasta el momento no se tom\u00f3 ninguna medida en su contra.<\/p>\n","protected":false},"excerpt":{"rendered":"<p>La persona hab\u00eda sido aprehendida despu\u00e9s de que un vecino lo redujera cuando intent\u00f3 entrar a su vivienda. Un detenido muri\u00f3 dentro de un patrullero en Merlo y la Justicia investiga qu\u00e9 ocurri\u00f3 en el m\u00f3vil policial tras haber sido aprehendido por un vecino que lo redujo cuando intent\u00f3 ingresar a su vivienda con fines [&hellip;]<\/p>\n","protected":false},"author":2,"featured_media":84440,"comment_status":"open","ping_status":"open","sticky":false,"template":"","format":"standard","meta":{"tdm_status":"","tdm_grid_status":"","_joinchat":[],"footnotes":""},"categories":[63],"tags":[],"class_list":{"0":"post-84439","1":"post","2":"type-post","3":"status-publish","4":"format-standard","5":"has-post-thumbnail","7":"category-policiales"},"amp_enabled":true,"_links":{"self":[{"href":"https:\/\/www.todoeldia.com\/index.php\/wp-json\/wp\/v2\/posts\/84439","targetHints":{"allow":["GET"]}}],"collection":[{"href":"https:\/\/www.todoeldia.com\/index.php\/wp-json\/wp\/v2\/posts"}],"about":[{"href":"https:\/\/www.todoeldia.com\/index.php\/wp-json\/wp\/v2\/types\/post"}],"author":[{"embeddable":true,"href":"https:\/\/www.todoeldia.com\/index.php\/wp-json\/wp\/v2\/users\/2"}],"replies":[{"embeddable":true,"href":"https:\/\/www.todoeldia.com\/index.php\/wp-json\/wp\/v2\/comments?post=84439"}],"version-history":[{"count":2,"href":"https:\/\/www.todoeldia.com\/index.php\/wp-json\/wp\/v2\/posts\/84439\/revisions"}],"predecessor-version":[{"id":84445,"href":"https:\/\/www.todoeldia.com\/index.php\/wp-json\/wp\/v2\/posts\/84439\/revisions\/84445"}],"wp:featuredmedia":[{"embeddable":true,"href":"https:\/\/www.todoeldia.com\/index.php\/wp-json\/wp\/v2\/media\/84440"}],"wp:attachment":[{"href":"https:\/\/www.todoeldia.com\/index.php\/wp-json\/wp\/v2\/media?parent=84439"}],"wp:term":[{"taxonomy":"category","embeddable":true,"href":"https:\/\/www.todoeldia.com\/index.php\/wp-json\/wp\/v2\/categories?post=84439"},{"taxonomy":"post_tag","embeddable":true,"href":"https:\/\/www.todoeldia.com\/index.php\/wp-json\/wp\/v2\/tags?post=84439"}],"curies":[{"name":"wp","href":"https:\/\/api.w.org\/{rel}","templated":true}]}}