{"id":84565,"date":"2024-10-01T22:36:01","date_gmt":"2024-10-02T01:36:01","guid":{"rendered":"https:\/\/www.todoeldia.com\/?p=84565"},"modified":"2024-10-01T22:36:02","modified_gmt":"2024-10-02T01:36:02","slug":"internaron-de-urgencia-a-luis-barrionuevo-esta-en-terapia-intensiva","status":"publish","type":"post","link":"https:\/\/www.todoeldia.com\/index.php\/2024\/10\/01\/internaron-de-urgencia-a-luis-barrionuevo-esta-en-terapia-intensiva\/","title":{"rendered":"Internaron de urgencia a Luis Barrionuevo: est\u00e1 en terapia intensiva"},"content":{"rendered":"\n<p>El dirigente de 82 a\u00f1os, que lidera el gremio de Gastron\u00f3micos, lleg\u00f3 descompensado esta tarde al Sanatorio G\u00fcemes y los m\u00e9dicos tratan de definir un diagn\u00f3stico. Todav\u00eda no hay informaci\u00f3n oficial sobre su estado de salud.<\/p>\n\n\n\n<p>Luis Barrionuevo, titular de la Uni\u00f3n de Trabajadores Gastron\u00f3micos (UTHGRA), se descompens\u00f3 esta tarde y fue internado de urgencia en el Sanatorio G\u00fcemes, adonde se encuentra en terapia intensiva. Lleg\u00f3 con un cuadro de p\u00e9rdida de sentido de tiempo y espacio y los m\u00e9dicos le est\u00e1n haciendo distintos estudios con el fin de estabilizarlo y determinar cu\u00e1l es su diagn\u00f3stico.<\/p>\n\n\n\n<p>La informaci\u00f3n proviene de allegados al dirigente de 82 a\u00f1os, que en la ma\u00f1ana de este martes tuvo una actividad normal. \u201cHabl\u00e9 con \u00e9l y estaba bien\u201d, dijo un colega sindical a Infobae, impactado por la noticia. Seg\u00fan otro gremialista, los m\u00e9dicos no descartan que sea un accidente cerebrovascular.<\/p>\n","protected":false},"excerpt":{"rendered":"<p>El dirigente de 82 a\u00f1os, que lidera el gremio de Gastron\u00f3micos, lleg\u00f3 descompensado esta tarde al Sanatorio G\u00fcemes y los m\u00e9dicos tratan de definir un diagn\u00f3stico. Todav\u00eda no hay informaci\u00f3n oficial sobre su estado de salud. Luis Barrionuevo, titular de la Uni\u00f3n de Trabajadores Gastron\u00f3micos (UTHGRA), se descompens\u00f3 esta tarde y fue internado de urgencia [&hellip;]<\/p>\n","protected":false},"author":2,"featured_media":46793,"comment_status":"open","ping_status":"open","sticky":false,"template":"","format":"standard","meta":{"tdm_status":"","tdm_grid_status":"","_joinchat":[],"footnotes":""},"categories":[59],"tags":[],"class_list":{"0":"post-84565","1":"post","2":"type-post","3":"status-publish","4":"format-standard","5":"has-post-thumbnail","7":"category-politica"},"amp_enabled":true,"_links":{"self":[{"href":"https:\/\/www.todoeldia.com\/index.php\/wp-json\/wp\/v2\/posts\/84565","targetHints":{"allow":["GET"]}}],"collection":[{"href":"https:\/\/www.todoeldia.com\/index.php\/wp-json\/wp\/v2\/posts"}],"about":[{"href":"https:\/\/www.todoeldia.com\/index.php\/wp-json\/wp\/v2\/types\/post"}],"author":[{"embeddable":true,"href":"https:\/\/www.todoeldia.com\/index.php\/wp-json\/wp\/v2\/users\/2"}],"replies":[{"embeddable":true,"href":"https:\/\/www.todoeldia.com\/index.php\/wp-json\/wp\/v2\/comments?post=84565"}],"version-history":[{"count":1,"href":"https:\/\/www.todoeldia.com\/index.php\/wp-json\/wp\/v2\/posts\/84565\/revisions"}],"predecessor-version":[{"id":84566,"href":"https:\/\/www.todoeldia.com\/index.php\/wp-json\/wp\/v2\/posts\/84565\/revisions\/84566"}],"wp:featuredmedia":[{"embeddable":true,"href":"https:\/\/www.todoeldia.com\/index.php\/wp-json\/wp\/v2\/media\/46793"}],"wp:attachment":[{"href":"https:\/\/www.todoeldia.com\/index.php\/wp-json\/wp\/v2\/media?parent=84565"}],"wp:term":[{"taxonomy":"category","embeddable":true,"href":"https:\/\/www.todoeldia.com\/index.php\/wp-json\/wp\/v2\/categories?post=84565"},{"taxonomy":"post_tag","embeddable":true,"href":"https:\/\/www.todoeldia.com\/index.php\/wp-json\/wp\/v2\/tags?post=84565"}],"curies":[{"name":"wp","href":"https:\/\/api.w.org\/{rel}","templated":true}]}}