{"id":84640,"date":"2024-10-03T11:19:25","date_gmt":"2024-10-03T14:19:25","guid":{"rendered":"https:\/\/www.todoeldia.com\/?p=84640"},"modified":"2024-10-03T11:47:16","modified_gmt":"2024-10-03T14:47:16","slug":"13-allanamientos-por-robos-en-el-valle-de-lerma-vinculados-a-los-hermanos-serrano","status":"publish","type":"post","link":"https:\/\/www.todoeldia.com\/index.php\/2024\/10\/03\/13-allanamientos-por-robos-en-el-valle-de-lerma-vinculados-a-los-hermanos-serrano\/","title":{"rendered":"13 allanamientos por robos en el Valle de Lerma vinculados a los hermanos Serrano"},"content":{"rendered":"\n<p>El fiscal penal de Rosario de Lerma, Daniel Alejandro Escalante, se encuentra a cargo del operativo llevado adelante con distintas divisiones de la Polic\u00eda de la Provincia consistente en allanamientos simult\u00e1neos en 13 domicilios ubicados en Rosario de Lerma, La Merced, El Carril y Capital, que arrojaron como resultado la detenci\u00f3n de 14 personas mayores de edad.<\/p>\n\n\n\n<figure class=\"wp-block-image size-full is-resized\"><img loading=\"lazy\" decoding=\"async\" width=\"777\" height=\"289\" src=\"https:\/\/www.todoeldia.com\/wp-content\/uploads\/2024\/10\/image-13.png\" alt=\"\" class=\"wp-image-84642\" style=\"width:1068px;height:auto\" srcset=\"https:\/\/www.todoeldia.com\/wp-content\/uploads\/2024\/10\/image-13.png 777w, https:\/\/www.todoeldia.com\/wp-content\/uploads\/2024\/10\/image-13-300x112.png 300w, https:\/\/www.todoeldia.com\/wp-content\/uploads\/2024\/10\/image-13-768x286.png 768w, https:\/\/www.todoeldia.com\/wp-content\/uploads\/2024\/10\/image-13-696x259.png 696w\" sizes=\"auto, (max-width: 777px) 100vw, 777px\" \/><\/figure>\n\n\n\n<p>La medida se origin\u00f3 a partir de denuncias relacionadas con distintos delitos que involucrar\u00edan a una asociaci\u00f3n il\u00edcita conocida como \u00abLos Hermanos Serranos\u00bb.<\/p>\n\n\n\n<figure class=\"wp-block-image size-full is-resized\"><img loading=\"lazy\" decoding=\"async\" width=\"774\" height=\"284\" src=\"https:\/\/www.todoeldia.com\/wp-content\/uploads\/2024\/10\/image-14.png\" alt=\"\" class=\"wp-image-84643\" style=\"width:1068px;height:auto\" srcset=\"https:\/\/www.todoeldia.com\/wp-content\/uploads\/2024\/10\/image-14.png 774w, https:\/\/www.todoeldia.com\/wp-content\/uploads\/2024\/10\/image-14-300x110.png 300w, https:\/\/www.todoeldia.com\/wp-content\/uploads\/2024\/10\/image-14-768x282.png 768w, https:\/\/www.todoeldia.com\/wp-content\/uploads\/2024\/10\/image-14-696x255.png 696w\" sizes=\"auto, (max-width: 774px) 100vw, 774px\" \/><\/figure>\n\n\n\n<p>Entre las principales causas que se investigan se encuentran el robo de cables en la zona de Quijano y localidades cercanas, robo de agroqu\u00edmicos, tenencia de armas de fuego y robo de ca\u00f1os met\u00e1licos.<\/p>\n\n\n\n<figure class=\"wp-block-image size-full is-resized\"><img loading=\"lazy\" decoding=\"async\" width=\"780\" height=\"283\" src=\"https:\/\/www.todoeldia.com\/wp-content\/uploads\/2024\/10\/image-15.png\" alt=\"\" class=\"wp-image-84644\" style=\"width:1068px;height:auto\" srcset=\"https:\/\/www.todoeldia.com\/wp-content\/uploads\/2024\/10\/image-15.png 780w, https:\/\/www.todoeldia.com\/wp-content\/uploads\/2024\/10\/image-15-300x109.png 300w, https:\/\/www.todoeldia.com\/wp-content\/uploads\/2024\/10\/image-15-768x279.png 768w, https:\/\/www.todoeldia.com\/wp-content\/uploads\/2024\/10\/image-15-696x253.png 696w\" sizes=\"auto, (max-width: 780px) 100vw, 780px\" \/><\/figure>\n\n\n\n<p>El fiscal Escalante inform\u00f3 que durante el procedimiento se logr\u00f3 el secuestro de un importante n\u00famero de elementos, entre los que se encuentran: 13 armas largas (escopetas y carabinas), 5 armas cortas, 1 pistola de aire comprimido, 3 moto, 2 camionetas, 27 cuchillos y machetes, 3 radios, 2 amoladoras, 7 tel\u00e9fonos celulares, 4 motosierras, cartuchos varios, elementos de alta tensi\u00f3n, lingas, elementos de faena, cueros, lazos, rollos de cables de aluminio y ca\u00f1os met\u00e1licos.<\/p>\n\n\n\n<figure class=\"wp-block-image size-full is-resized\"><img loading=\"lazy\" decoding=\"async\" width=\"778\" height=\"288\" src=\"https:\/\/www.todoeldia.com\/wp-content\/uploads\/2024\/10\/image-16.png\" alt=\"\" class=\"wp-image-84645\" style=\"width:1068px;height:auto\" srcset=\"https:\/\/www.todoeldia.com\/wp-content\/uploads\/2024\/10\/image-16.png 778w, https:\/\/www.todoeldia.com\/wp-content\/uploads\/2024\/10\/image-16-300x111.png 300w, https:\/\/www.todoeldia.com\/wp-content\/uploads\/2024\/10\/image-16-768x284.png 768w, https:\/\/www.todoeldia.com\/wp-content\/uploads\/2024\/10\/image-16-696x258.png 696w\" sizes=\"auto, (max-width: 778px) 100vw, 778px\" \/><\/figure>\n\n\n\n<figure class=\"wp-block-image size-full is-resized\"><img loading=\"lazy\" decoding=\"async\" width=\"766\" height=\"277\" src=\"https:\/\/www.todoeldia.com\/wp-content\/uploads\/2024\/10\/image-17.png\" alt=\"\" class=\"wp-image-84646\" style=\"width:1068px;height:auto\" srcset=\"https:\/\/www.todoeldia.com\/wp-content\/uploads\/2024\/10\/image-17.png 766w, https:\/\/www.todoeldia.com\/wp-content\/uploads\/2024\/10\/image-17-300x108.png 300w, https:\/\/www.todoeldia.com\/wp-content\/uploads\/2024\/10\/image-17-696x252.png 696w\" sizes=\"auto, (max-width: 766px) 100vw, 766px\" \/><\/figure>\n\n\n\n<figure class=\"wp-block-image size-full is-resized\"><img loading=\"lazy\" decoding=\"async\" width=\"378\" height=\"279\" src=\"https:\/\/www.todoeldia.com\/wp-content\/uploads\/2024\/10\/image-18.png\" alt=\"\" class=\"wp-image-84647\" style=\"width:1068px;height:auto\" srcset=\"https:\/\/www.todoeldia.com\/wp-content\/uploads\/2024\/10\/image-18.png 378w, https:\/\/www.todoeldia.com\/wp-content\/uploads\/2024\/10\/image-18-300x221.png 300w, https:\/\/www.todoeldia.com\/wp-content\/uploads\/2024\/10\/image-18-80x60.png 80w\" sizes=\"auto, (max-width: 378px) 100vw, 378px\" \/><\/figure>\n","protected":false},"excerpt":{"rendered":"<p>El fiscal penal de Rosario de Lerma, Daniel Alejandro Escalante, se encuentra a cargo del operativo llevado adelante con distintas divisiones de la Polic\u00eda de la Provincia consistente en allanamientos simult\u00e1neos en 13 domicilios ubicados en Rosario de Lerma, La Merced, El Carril y Capital, que arrojaron como resultado la detenci\u00f3n de 14 personas mayores [&hellip;]<\/p>\n","protected":false},"author":2,"featured_media":84652,"comment_status":"open","ping_status":"open","sticky":false,"template":"","format":"standard","meta":{"tdm_status":"","tdm_grid_status":"","_joinchat":[],"footnotes":""},"categories":[63],"tags":[],"class_list":{"0":"post-84640","1":"post","2":"type-post","3":"status-publish","4":"format-standard","5":"has-post-thumbnail","7":"category-policiales"},"amp_enabled":true,"_links":{"self":[{"href":"https:\/\/www.todoeldia.com\/index.php\/wp-json\/wp\/v2\/posts\/84640","targetHints":{"allow":["GET"]}}],"collection":[{"href":"https:\/\/www.todoeldia.com\/index.php\/wp-json\/wp\/v2\/posts"}],"about":[{"href":"https:\/\/www.todoeldia.com\/index.php\/wp-json\/wp\/v2\/types\/post"}],"author":[{"embeddable":true,"href":"https:\/\/www.todoeldia.com\/index.php\/wp-json\/wp\/v2\/users\/2"}],"replies":[{"embeddable":true,"href":"https:\/\/www.todoeldia.com\/index.php\/wp-json\/wp\/v2\/comments?post=84640"}],"version-history":[{"count":1,"href":"https:\/\/www.todoeldia.com\/index.php\/wp-json\/wp\/v2\/posts\/84640\/revisions"}],"predecessor-version":[{"id":84648,"href":"https:\/\/www.todoeldia.com\/index.php\/wp-json\/wp\/v2\/posts\/84640\/revisions\/84648"}],"wp:featuredmedia":[{"embeddable":true,"href":"https:\/\/www.todoeldia.com\/index.php\/wp-json\/wp\/v2\/media\/84652"}],"wp:attachment":[{"href":"https:\/\/www.todoeldia.com\/index.php\/wp-json\/wp\/v2\/media?parent=84640"}],"wp:term":[{"taxonomy":"category","embeddable":true,"href":"https:\/\/www.todoeldia.com\/index.php\/wp-json\/wp\/v2\/categories?post=84640"},{"taxonomy":"post_tag","embeddable":true,"href":"https:\/\/www.todoeldia.com\/index.php\/wp-json\/wp\/v2\/tags?post=84640"}],"curies":[{"name":"wp","href":"https:\/\/api.w.org\/{rel}","templated":true}]}}