{"id":84769,"date":"2024-10-06T21:55:44","date_gmt":"2024-10-07T00:55:44","guid":{"rendered":"https:\/\/www.todoeldia.com\/?p=84769"},"modified":"2024-10-06T21:55:54","modified_gmt":"2024-10-07T00:55:54","slug":"murio-una-motociclista-en-salvador-mazza","status":"publish","type":"post","link":"https:\/\/www.todoeldia.com\/index.php\/2024\/10\/06\/murio-una-motociclista-en-salvador-mazza\/","title":{"rendered":"Muri\u00f3 una motociclista en Salvador Mazza"},"content":{"rendered":"\n<p>Un tr\u00e1gico accidente de tr\u00e1nsito ocurri\u00f3 en la intersecci\u00f3n de calles De\u00e1n Funes y Espa\u00f1a, en Barrio Ferroviario de Salvador Mazza donde muri\u00f3 una motociclista de 32 a\u00f1os.<\/p>\n\n\n\n<figure class=\"wp-block-image size-full is-resized\"><img loading=\"lazy\" decoding=\"async\" width=\"830\" height=\"419\" src=\"https:\/\/www.todoeldia.com\/wp-content\/uploads\/2024\/10\/image-45.png\" alt=\"\" class=\"wp-image-84771\" style=\"width:1068px;height:auto\" srcset=\"https:\/\/www.todoeldia.com\/wp-content\/uploads\/2024\/10\/image-45.png 830w, https:\/\/www.todoeldia.com\/wp-content\/uploads\/2024\/10\/image-45-300x151.png 300w, https:\/\/www.todoeldia.com\/wp-content\/uploads\/2024\/10\/image-45-768x388.png 768w, https:\/\/www.todoeldia.com\/wp-content\/uploads\/2024\/10\/image-45-696x351.png 696w\" sizes=\"auto, (max-width: 830px) 100vw, 830px\" \/><\/figure>\n\n\n\n<p>Seg\u00fan informes preliminares, la v\u00edctima conduc\u00eda una motocicleta 150 cc por calle De\u00e1n Funes en sentido Sur-Norte cuando colision\u00f3 con un autom\u00f3vil que circulaba por calle Espa\u00f1a en sentido Oeste-Este.<\/p>\n\n\n\n<figure class=\"wp-block-image size-full is-resized\"><img loading=\"lazy\" decoding=\"async\" width=\"766\" height=\"435\" src=\"https:\/\/www.todoeldia.com\/wp-content\/uploads\/2024\/10\/image-46.png\" alt=\"\" class=\"wp-image-84772\" style=\"width:1069px;height:auto\" srcset=\"https:\/\/www.todoeldia.com\/wp-content\/uploads\/2024\/10\/image-46.png 766w, https:\/\/www.todoeldia.com\/wp-content\/uploads\/2024\/10\/image-46-300x170.png 300w, https:\/\/www.todoeldia.com\/wp-content\/uploads\/2024\/10\/image-46-740x420.png 740w, https:\/\/www.todoeldia.com\/wp-content\/uploads\/2024\/10\/image-46-696x395.png 696w\" sizes=\"auto, (max-width: 766px) 100vw, 766px\" \/><\/figure>\n\n\n\n<p>El impacto fue devastador. La mujer cay\u00f3 pesadamente, golpe\u00e1ndose la cabeza y sufri\u00f3 graves lesiones. Fue trasladada de inmediato al hospital en ambulancia, donde ingres\u00f3 con muerte cerebral. A pesar de los esfuerzos del personal m\u00e9dico, minutos despu\u00e9s fue derivada al hospital de Tartagal, donde se confirm\u00f3 su fallecimiento.<\/p>\n\n\n\n<figure class=\"wp-block-image size-full is-resized\"><img loading=\"lazy\" decoding=\"async\" width=\"903\" height=\"449\" src=\"https:\/\/www.todoeldia.com\/wp-content\/uploads\/2024\/10\/image-47.png\" alt=\"\" class=\"wp-image-84773\" style=\"width:1068px;height:auto\" srcset=\"https:\/\/www.todoeldia.com\/wp-content\/uploads\/2024\/10\/image-47.png 903w, https:\/\/www.todoeldia.com\/wp-content\/uploads\/2024\/10\/image-47-300x149.png 300w, https:\/\/www.todoeldia.com\/wp-content\/uploads\/2024\/10\/image-47-768x382.png 768w, https:\/\/www.todoeldia.com\/wp-content\/uploads\/2024\/10\/image-47-845x420.png 845w, https:\/\/www.todoeldia.com\/wp-content\/uploads\/2024\/10\/image-47-696x346.png 696w, https:\/\/www.todoeldia.com\/wp-content\/uploads\/2024\/10\/image-47-324x160.png 324w\" sizes=\"auto, (max-width: 903px) 100vw, 903px\" \/><\/figure>\n\n\n\n<p>Trabajaron de forma conjunta efectivos de la jurisdicci\u00f3n y Grupo T\u00e9cnico Criminal\u00edstica para documentar la escena y establecer la mec\u00e1nica del siniestro.<\/p>\n\n\n\n<p>Costes RA Infopocitos<\/p>\n","protected":false},"excerpt":{"rendered":"<p>Un tr\u00e1gico accidente de tr\u00e1nsito ocurri\u00f3 en la intersecci\u00f3n de calles De\u00e1n Funes y Espa\u00f1a, en Barrio Ferroviario de Salvador Mazza donde muri\u00f3 una motociclista de 32 a\u00f1os. Seg\u00fan informes preliminares, la v\u00edctima conduc\u00eda una motocicleta 150 cc por calle De\u00e1n Funes en sentido Sur-Norte cuando colision\u00f3 con un autom\u00f3vil que circulaba por calle Espa\u00f1a [&hellip;]<\/p>\n","protected":false},"author":2,"featured_media":84770,"comment_status":"open","ping_status":"open","sticky":false,"template":"","format":"standard","meta":{"tdm_status":"","tdm_grid_status":"","_joinchat":[],"footnotes":""},"categories":[63],"tags":[],"class_list":{"0":"post-84769","1":"post","2":"type-post","3":"status-publish","4":"format-standard","5":"has-post-thumbnail","7":"category-policiales"},"amp_enabled":true,"_links":{"self":[{"href":"https:\/\/www.todoeldia.com\/index.php\/wp-json\/wp\/v2\/posts\/84769","targetHints":{"allow":["GET"]}}],"collection":[{"href":"https:\/\/www.todoeldia.com\/index.php\/wp-json\/wp\/v2\/posts"}],"about":[{"href":"https:\/\/www.todoeldia.com\/index.php\/wp-json\/wp\/v2\/types\/post"}],"author":[{"embeddable":true,"href":"https:\/\/www.todoeldia.com\/index.php\/wp-json\/wp\/v2\/users\/2"}],"replies":[{"embeddable":true,"href":"https:\/\/www.todoeldia.com\/index.php\/wp-json\/wp\/v2\/comments?post=84769"}],"version-history":[{"count":2,"href":"https:\/\/www.todoeldia.com\/index.php\/wp-json\/wp\/v2\/posts\/84769\/revisions"}],"predecessor-version":[{"id":84775,"href":"https:\/\/www.todoeldia.com\/index.php\/wp-json\/wp\/v2\/posts\/84769\/revisions\/84775"}],"wp:featuredmedia":[{"embeddable":true,"href":"https:\/\/www.todoeldia.com\/index.php\/wp-json\/wp\/v2\/media\/84770"}],"wp:attachment":[{"href":"https:\/\/www.todoeldia.com\/index.php\/wp-json\/wp\/v2\/media?parent=84769"}],"wp:term":[{"taxonomy":"category","embeddable":true,"href":"https:\/\/www.todoeldia.com\/index.php\/wp-json\/wp\/v2\/categories?post=84769"},{"taxonomy":"post_tag","embeddable":true,"href":"https:\/\/www.todoeldia.com\/index.php\/wp-json\/wp\/v2\/tags?post=84769"}],"curies":[{"name":"wp","href":"https:\/\/api.w.org\/{rel}","templated":true}]}}