{"id":84779,"date":"2024-10-07T09:56:23","date_gmt":"2024-10-07T12:56:23","guid":{"rendered":"https:\/\/www.todoeldia.com\/?p=84779"},"modified":"2024-10-07T09:56:24","modified_gmt":"2024-10-07T12:56:24","slug":"un-joven-murio-apunalado-en-una-juntada-de-amigos-con-bebidas-alcoholicas","status":"publish","type":"post","link":"https:\/\/www.todoeldia.com\/index.php\/2024\/10\/07\/un-joven-murio-apunalado-en-una-juntada-de-amigos-con-bebidas-alcoholicas\/","title":{"rendered":"Un joven muri\u00f3 apu\u00f1alado en una juntada de amigos con bebidas alcoh\u00f3licas"},"content":{"rendered":"\n<p>Un joven perdi\u00f3 la vida en la localidad de El Galp\u00f3n luego de ser apu\u00f1alado en un incidente ocurrido en la madrugada del domingo. La v\u00edctima fue hallada tirada en la v\u00eda p\u00fablica y, a pesar de los esfuerzos m\u00e9dicos, no logr\u00f3 sobrevivir a las graves heridas.<\/p>\n\n\n\n<p>El alarmante suceso fue reportado por una mujer que, alrededor de las 6 de la ma\u00f1ana, observ\u00f3 el cuerpo de un hombre en el barrio aborigen San Francisco Solano y alert\u00f3 a la sub comisar\u00eda local. A su llegada, los efectivos encontraron al joven con m\u00faltiples heridas, siendo la m\u00e1s cr\u00edtica una apu\u00f1alada en el pecho, justo debajo del coraz\u00f3n.<\/p>\n\n\n\n<p>Testigos informaron a la polic\u00eda que el joven hab\u00eda estado compartiendo con amigos y consumiendo alcohol antes de que las circunstancias se tornaran violentas. Un vecino del barrio coment\u00f3 que &#8220;suele suceder lo mismo de siempre: grupos que se juntan a tomar y terminan desconoci\u00e9ndose&#8221;.<\/p>\n\n\n\n<p>El herido fue r\u00e1pidamente trasladado al hospital, pero, lamentablemente, los m\u00e9dicos confirmaron su fallecimiento debido a las lesiones sufridas. La polic\u00eda, tras realizar entrevistas en la zona, logr\u00f3 la detenci\u00f3n de tres hombres como sospechosos del ataque.<\/p>\n\n\n\n<p>Expresi\u00f3n del Sur<\/p>\n","protected":false},"excerpt":{"rendered":"<p>Un joven perdi\u00f3 la vida en la localidad de El Galp\u00f3n luego de ser apu\u00f1alado en un incidente ocurrido en la madrugada del domingo. La v\u00edctima fue hallada tirada en la v\u00eda p\u00fablica y, a pesar de los esfuerzos m\u00e9dicos, no logr\u00f3 sobrevivir a las graves heridas. El alarmante suceso fue reportado por una mujer [&hellip;]<\/p>\n","protected":false},"author":2,"featured_media":35476,"comment_status":"open","ping_status":"open","sticky":false,"template":"","format":"standard","meta":{"tdm_status":"","tdm_grid_status":"","_joinchat":[],"footnotes":""},"categories":[63],"tags":[],"class_list":{"0":"post-84779","1":"post","2":"type-post","3":"status-publish","4":"format-standard","5":"has-post-thumbnail","7":"category-policiales"},"amp_enabled":true,"_links":{"self":[{"href":"https:\/\/www.todoeldia.com\/index.php\/wp-json\/wp\/v2\/posts\/84779","targetHints":{"allow":["GET"]}}],"collection":[{"href":"https:\/\/www.todoeldia.com\/index.php\/wp-json\/wp\/v2\/posts"}],"about":[{"href":"https:\/\/www.todoeldia.com\/index.php\/wp-json\/wp\/v2\/types\/post"}],"author":[{"embeddable":true,"href":"https:\/\/www.todoeldia.com\/index.php\/wp-json\/wp\/v2\/users\/2"}],"replies":[{"embeddable":true,"href":"https:\/\/www.todoeldia.com\/index.php\/wp-json\/wp\/v2\/comments?post=84779"}],"version-history":[{"count":1,"href":"https:\/\/www.todoeldia.com\/index.php\/wp-json\/wp\/v2\/posts\/84779\/revisions"}],"predecessor-version":[{"id":84780,"href":"https:\/\/www.todoeldia.com\/index.php\/wp-json\/wp\/v2\/posts\/84779\/revisions\/84780"}],"wp:featuredmedia":[{"embeddable":true,"href":"https:\/\/www.todoeldia.com\/index.php\/wp-json\/wp\/v2\/media\/35476"}],"wp:attachment":[{"href":"https:\/\/www.todoeldia.com\/index.php\/wp-json\/wp\/v2\/media?parent=84779"}],"wp:term":[{"taxonomy":"category","embeddable":true,"href":"https:\/\/www.todoeldia.com\/index.php\/wp-json\/wp\/v2\/categories?post=84779"},{"taxonomy":"post_tag","embeddable":true,"href":"https:\/\/www.todoeldia.com\/index.php\/wp-json\/wp\/v2\/tags?post=84779"}],"curies":[{"name":"wp","href":"https:\/\/api.w.org\/{rel}","templated":true}]}}