{"id":84969,"date":"2024-10-10T12:27:15","date_gmt":"2024-10-10T15:27:15","guid":{"rendered":"https:\/\/www.todoeldia.com\/?p=84969"},"modified":"2024-10-10T12:27:16","modified_gmt":"2024-10-10T15:27:16","slug":"rafael-nadal-anuncio-su-retiro-del-tenis-profesional-es-el-momento-adecuado","status":"publish","type":"post","link":"https:\/\/www.todoeldia.com\/index.php\/2024\/10\/10\/rafael-nadal-anuncio-su-retiro-del-tenis-profesional-es-el-momento-adecuado\/","title":{"rendered":"Rafael Nadal anunci\u00f3 su retiro del tenis profesional: \u201cEs el momento adecuado\u201d"},"content":{"rendered":"\n<p>El tenista espa\u00f1ol comunic\u00f3 la noticia mediante sus redes sociales. \u201cEn esta vida, todo tiene un principio y un final\u201d, dijo.<\/p>\n\n\n\n<p>Rafael Nadal sorprendi\u00f3 al anunciar mediante sus redes sociales su retiro del tenis profesional. \u201cEs una decisi\u00f3n que evidentemente es dif\u00edcil, que me ha llevado tiempo tomarla. Pero en esta vida todo tiene un principio y un final. Y creo que es el momento adecuado para poner punto y final a lo que ha sido una carrera larga y mucho m\u00e1s exitosa de lo que jam\u00e1s me hubiera podido imaginar\u201d, comenz\u00f3 diciendo el espa\u00f1ol de 38 a\u00f1os en su video de despedida.<\/p>\n\n\n\n<p>Luego, agreg\u00f3: \u201cMe siento s\u00faper afortunado por todas las cosas. He podido vivir muchas cosas. Quiero agradecer a toda la industria del tenis. A todas las personas que engloban este deporte. A mis compa\u00f1eros durante tantos a\u00f1os, especialmente a mis grandes rivales. He pasado much\u00edsimas horas con ellos y he vivido muchos momentos que voy a recordar por el resto de mi vida\u201d.<\/p>\n\n\n\n<p>Despu\u00e9s, el ganador de 22 torneos Grand Slam se emocion\u00f3 al hablar de su familia y al final dej\u00f3 un mensaje para sus fan\u00e1ticos. \u201cGracias a todos. No tengo manera de agradeceros lo que me hab\u00e9is hecho sentir. Me hab\u00e9is dado la energ\u00eda que he necesitado en cada momento. Realmente, todo lo que he vivido ha sido un sue\u00f1o hecho realidad. Me voy con la tranquilidad absoluta de haber dado el m\u00e1ximo, de haberme esforzado en todos los sentidos\u201d, cerr\u00f3.<\/p>\n\n\n\n<p>El \u00faltimo torneo oficial de Nadal ser\u00e1 la Copa Davis 2024. El espa\u00f1ol jugar\u00e1 las finales en M\u00e1laga, en noviembre, junto al equipo conformado tambi\u00e9n por Carlos Alcaraz, Roberto Bautista, Pablo Carre\u00f1o y Marcel Granollers. Rafa buscar\u00e1 su sexta ensaladera despu\u00e9s de las 5 obtenidas en 2004, 2008, 2009, 2011 y 2019.<\/p>\n","protected":false},"excerpt":{"rendered":"<p>El tenista espa\u00f1ol comunic\u00f3 la noticia mediante sus redes sociales. \u201cEn esta vida, todo tiene un principio y un final\u201d, dijo. Rafael Nadal sorprendi\u00f3 al anunciar mediante sus redes sociales su retiro del tenis profesional. \u201cEs una decisi\u00f3n que evidentemente es dif\u00edcil, que me ha llevado tiempo tomarla. Pero en esta vida todo tiene un [&hellip;]<\/p>\n","protected":false},"author":2,"featured_media":11610,"comment_status":"open","ping_status":"open","sticky":false,"template":"","format":"standard","meta":{"tdm_status":"","tdm_grid_status":"","_joinchat":[],"footnotes":""},"categories":[62],"tags":[],"class_list":{"0":"post-84969","1":"post","2":"type-post","3":"status-publish","4":"format-standard","5":"has-post-thumbnail","7":"category-deportes"},"amp_enabled":true,"_links":{"self":[{"href":"https:\/\/www.todoeldia.com\/index.php\/wp-json\/wp\/v2\/posts\/84969","targetHints":{"allow":["GET"]}}],"collection":[{"href":"https:\/\/www.todoeldia.com\/index.php\/wp-json\/wp\/v2\/posts"}],"about":[{"href":"https:\/\/www.todoeldia.com\/index.php\/wp-json\/wp\/v2\/types\/post"}],"author":[{"embeddable":true,"href":"https:\/\/www.todoeldia.com\/index.php\/wp-json\/wp\/v2\/users\/2"}],"replies":[{"embeddable":true,"href":"https:\/\/www.todoeldia.com\/index.php\/wp-json\/wp\/v2\/comments?post=84969"}],"version-history":[{"count":1,"href":"https:\/\/www.todoeldia.com\/index.php\/wp-json\/wp\/v2\/posts\/84969\/revisions"}],"predecessor-version":[{"id":84970,"href":"https:\/\/www.todoeldia.com\/index.php\/wp-json\/wp\/v2\/posts\/84969\/revisions\/84970"}],"wp:featuredmedia":[{"embeddable":true,"href":"https:\/\/www.todoeldia.com\/index.php\/wp-json\/wp\/v2\/media\/11610"}],"wp:attachment":[{"href":"https:\/\/www.todoeldia.com\/index.php\/wp-json\/wp\/v2\/media?parent=84969"}],"wp:term":[{"taxonomy":"category","embeddable":true,"href":"https:\/\/www.todoeldia.com\/index.php\/wp-json\/wp\/v2\/categories?post=84969"},{"taxonomy":"post_tag","embeddable":true,"href":"https:\/\/www.todoeldia.com\/index.php\/wp-json\/wp\/v2\/tags?post=84969"}],"curies":[{"name":"wp","href":"https:\/\/api.w.org\/{rel}","templated":true}]}}