{"id":8534,"date":"2020-10-14T14:58:36","date_gmt":"2020-10-14T17:58:36","guid":{"rendered":"https:\/\/www.todoeldia.com\/?p=8534"},"modified":"2020-10-14T14:58:37","modified_gmt":"2020-10-14T17:58:37","slug":"ira-a-juicio-el-diputado-orozco-y-los-policias-medina-y-coronel-por-vejaciones-agravadas-por-el-uso-de-la-violencia","status":"publish","type":"post","link":"https:\/\/www.todoeldia.com\/index.php\/2020\/10\/14\/ira-a-juicio-el-diputado-orozco-y-los-policias-medina-y-coronel-por-vejaciones-agravadas-por-el-uso-de-la-violencia\/","title":{"rendered":"Ira a juicio el diputado Orozco, y los polic\u00edas Medina y Coronel por vejaciones agravadas por el uso de la violencia"},"content":{"rendered":"\n<p>La fiscal de Derechos Humanos, Ver\u00f3nica Simesen de Bielke, pidi\u00f3 la elevaci\u00f3n a juicio de la causa que tiene como imputados a<\/p>\n\n\n\n<p>L actual diputado Gustavo Orlando Orozco, Rub\u00e9n Dar\u00edo Medina y Denis Orlando Coronel, imputados por el delito de vejaciones agravadas por el uso de la violencia, en calidad de coautores, por un hecho denunciado en 2015.<\/p>\n\n\n\n<p>La fiscal consider\u00f3 que cuenta con elementos de convicci\u00f3n suficientes para el ejercicio de la acci\u00f3n penal y al pedir la elevaci\u00f3n a juicio, solicit\u00f3 que se tenga por ofrecida la prueba, sin perjuicio de ampliarla en la etapa procesal oportuna.<\/p>\n\n\n\n<p>Seg\u00fan consta en la investigaci\u00f3n, las actuaciones se iniciaron a partir de la denuncia radicada por un vecino en la Fiscal\u00eda Penal de Rosario de la Frontera, \u201cdebido a una agresi\u00f3n f\u00edsica por parte del oficial Orozco, personal de la Brigada de Investigaciones de Rosario de la Frontera\u201d. Luego, se recibi\u00f3 declaraci\u00f3n testimonial en la Fiscal\u00eda de Derechos Humanos (Met\u00e1n), donde la v\u00edctima manifest\u00f3 que el 3 de febrero de 2015, se encontraba en el Complejo Deportivo Municipal de la Candelaria, donde asisti\u00f3 a un festival junto a dos hermanas y amigas de ellas y donde se encontr\u00f3 con amigos. Se retiraron antes de que terminara el festival, para comprar comida y bebidas y luego dirigirse a la finca de su padre. Compraron en unos puestos frente al Festival y cuando estaban por retirarse, se acerc\u00f3 un hombre de civil, que pregunt\u00f3 a uno de los amigos \u201cen qu\u00e9 hab\u00eda venido, y con qui\u00e9n, y si lo pod\u00eda acompa\u00f1ar\u201d.<\/p>\n\n\n\n<p>Intentaron detener al amigo y cuando el denunciante se acerc\u00f3 para preguntar el motivo, recibi\u00f3 un golpe de pu\u00f1o en la cara. Declar\u00f3 que en la camioneta de la polic\u00eda estaban Orozco y dos personas m\u00e1s de civil y que al recibir la pi\u00f1a, termin\u00f3 en el piso. Antes, dijo que por la ca\u00edda \u201csin querer, arroj\u00f3 el vaso de cerveza en el pantal\u00f3n al tal Orozco\u201d. Al denunciante lo levantaron del cuello y lo subieron al m\u00f3vil. En el trayecto a la Comisar\u00eda de la Candelaria, viaj\u00f3 en el asiento trasero con dos polic\u00edas: uno de ellos lo ahorcaba y el segundo, le iba pegando con golpes de pu\u00f1o en las costillas. En la Comisar\u00eda, no le pidieron datos ni lo ingresaron como demorado y en cambio, lo llevaron a un descampado contiguo y le dijeron que estaba con custodia. Cuando el amigo fue a hacer la denuncia sobre los hechos (con respecto a lo que pas\u00f3 en el Festival), lleg\u00f3 Orozco al descampado y le cuestion\u00f3 \u201cpor qu\u00e9 se hab\u00eda acercado al lugar donde estaba el personal policial\u201d. El denunciante le pidi\u00f3 perd\u00f3n y Orozco le dijo \u201cporque te metes, en \u00e9stas cosas no ten\u00e9s que andar\u201d. Luego lleg\u00f3 una hermana y todos se retiraron. Al d\u00eda siguiente, su padre radic\u00f3 una denuncia.<\/p>\n\n\n\n<p>En la declaraci\u00f3n testimonial, distintos testigos sumaron que al m\u00f3vil policial que traslad\u00f3 al denunciante lo siguieron dos bici polic\u00edas, quienes vieron todo lo sucedido.<\/p>\n\n\n\n<p>El pedido de elevaci\u00f3n a juicio reuni\u00f3 distintos informes y declaraciones testimoniales, entre las cuales mencionan la presencia de \u201cla camioneta de la Brigada\u201d; fotograf\u00edas de las lesiones; certificado m\u00e9dico que confirm\u00f3 \u201cinflamaci\u00f3n en regi\u00f3n maxilar inferior derecho, y hematoma derecho en cavidad bucal\u201d del denunciante; y copias del Libro de guardia, perteneciente a la Brigada de Investigaciones N\u00b0 3.<\/p>\n\n\n\n<p>Dijo la fiscal que el accionar de los acusados excedi\u00f3 los l\u00edmites impuestos por la Ley N\u00b0 7742, pues las lesiones constatadas permiten sostener que su conducta afect\u00f3 el umbral m\u00ednimo requerido, es decir, la afectaci\u00f3n de los derechos del sujeto pasivo, que recay\u00f3 en la concreta conculcaci\u00f3n de su dignidad y la integridad personal. Adem\u00e1s, el sufrimiento infligido, configur\u00f3 un trato denigratorio e humillante, f\u00edsico y verbal, que tuvo por fin mortificar a la v\u00edctima produciendo un ataque a su dignidad que merec\u00eda como persona y con el que espera sea tratado.<\/p>\n","protected":false},"excerpt":{"rendered":"<p>La fiscal de Derechos Humanos, Ver\u00f3nica Simesen de Bielke, pidi\u00f3 la elevaci\u00f3n a juicio de la causa que tiene como imputados a L actual diputado Gustavo Orlando Orozco, Rub\u00e9n Dar\u00edo Medina y Denis Orlando Coronel, imputados por el delito de vejaciones agravadas por el uso de la violencia, en calidad de coautores, por un hecho [&hellip;]<\/p>\n","protected":false},"author":2,"featured_media":8535,"comment_status":"open","ping_status":"open","sticky":false,"template":"","format":"standard","meta":{"tdm_status":"","tdm_grid_status":"","_joinchat":[],"footnotes":""},"categories":[63],"tags":[],"class_list":{"0":"post-8534","1":"post","2":"type-post","3":"status-publish","4":"format-standard","5":"has-post-thumbnail","7":"category-policiales"},"amp_enabled":true,"_links":{"self":[{"href":"https:\/\/www.todoeldia.com\/index.php\/wp-json\/wp\/v2\/posts\/8534","targetHints":{"allow":["GET"]}}],"collection":[{"href":"https:\/\/www.todoeldia.com\/index.php\/wp-json\/wp\/v2\/posts"}],"about":[{"href":"https:\/\/www.todoeldia.com\/index.php\/wp-json\/wp\/v2\/types\/post"}],"author":[{"embeddable":true,"href":"https:\/\/www.todoeldia.com\/index.php\/wp-json\/wp\/v2\/users\/2"}],"replies":[{"embeddable":true,"href":"https:\/\/www.todoeldia.com\/index.php\/wp-json\/wp\/v2\/comments?post=8534"}],"version-history":[{"count":1,"href":"https:\/\/www.todoeldia.com\/index.php\/wp-json\/wp\/v2\/posts\/8534\/revisions"}],"predecessor-version":[{"id":8536,"href":"https:\/\/www.todoeldia.com\/index.php\/wp-json\/wp\/v2\/posts\/8534\/revisions\/8536"}],"wp:featuredmedia":[{"embeddable":true,"href":"https:\/\/www.todoeldia.com\/index.php\/wp-json\/wp\/v2\/media\/8535"}],"wp:attachment":[{"href":"https:\/\/www.todoeldia.com\/index.php\/wp-json\/wp\/v2\/media?parent=8534"}],"wp:term":[{"taxonomy":"category","embeddable":true,"href":"https:\/\/www.todoeldia.com\/index.php\/wp-json\/wp\/v2\/categories?post=8534"},{"taxonomy":"post_tag","embeddable":true,"href":"https:\/\/www.todoeldia.com\/index.php\/wp-json\/wp\/v2\/tags?post=8534"}],"curies":[{"name":"wp","href":"https:\/\/api.w.org\/{rel}","templated":true}]}}