{"id":8541,"date":"2020-10-14T18:00:46","date_gmt":"2020-10-14T21:00:46","guid":{"rendered":"https:\/\/www.todoeldia.com\/?p=8541"},"modified":"2020-10-14T18:00:47","modified_gmt":"2020-10-14T21:00:47","slug":"murio-raul-portal-el-conductor-tenia-81-anos-y-llevaba-mas-de-dos-anos-internado","status":"publish","type":"post","link":"https:\/\/www.todoeldia.com\/index.php\/2020\/10\/14\/murio-raul-portal-el-conductor-tenia-81-anos-y-llevaba-mas-de-dos-anos-internado\/","title":{"rendered":"Muri\u00f3 Ra\u00fal Portal: el conductor ten\u00eda 81 a\u00f1os y llevaba m\u00e1s de dos a\u00f1os internado"},"content":{"rendered":"\n<p>Estaba internado luego de sufrir un ACV y ten\u00eda neumon\u00eda.&nbsp;<\/p>\n\n\n\n<p>Falleci\u00f3 a los 81 a\u00f1os el conductor televisivo&nbsp;Ra\u00fal Portal, quien permanec\u00eda internado con varios problemas de salud. En el 2018 hab\u00eda sufrido un ACV, mientras que recientemente su estado se agrav\u00f3 por&nbsp;una neumon\u00eda.<\/p>\n\n\n\n<p>Portal&nbsp;pas\u00f3 m\u00e1s de dos a\u00f1os hospitalizado en la cl\u00ednica Los Arcos, luego de su&nbsp;accidente cerebrovascular. Al poco tiempo de su internaci\u00f3n sufri\u00f3 dos m\u00e1s, logr\u00f3 recuperarse, pero los m\u00e9dicos no le dieron el alta.<\/p>\n\n\n\n<p>En junio, mientras tanto, desarroll\u00f3 neumon\u00eda y un cuadro febril, por lo cual fue sometido a un hisopado de coronavirus que dio negativo. &#8220;No podemos visitarlo porque esta prohibido por el coronavirus. Es igual para todos los pacientes. Dan turnos de 15 minutos cada tanto, te visten con la ropa adecuada, pas\u00e1s y cuando sal\u00eds, se rompe todo y a la basura&#8221;, explic\u00f3&nbsp;Luc\u00eda, su esposa, en aquel entonces.&nbsp;<\/p>\n","protected":false},"excerpt":{"rendered":"<p>Estaba internado luego de sufrir un ACV y ten\u00eda neumon\u00eda.&nbsp; Falleci\u00f3 a los 81 a\u00f1os el conductor televisivo&nbsp;Ra\u00fal Portal, quien permanec\u00eda internado con varios problemas de salud. En el 2018 hab\u00eda sufrido un ACV, mientras que recientemente su estado se agrav\u00f3 por&nbsp;una neumon\u00eda. Portal&nbsp;pas\u00f3 m\u00e1s de dos a\u00f1os hospitalizado en la cl\u00ednica Los Arcos, luego [&hellip;]<\/p>\n","protected":false},"author":2,"featured_media":8542,"comment_status":"open","ping_status":"open","sticky":false,"template":"","format":"standard","meta":{"tdm_status":"","tdm_grid_status":"","_joinchat":[],"footnotes":""},"categories":[73],"tags":[],"class_list":{"0":"post-8541","1":"post","2":"type-post","3":"status-publish","4":"format-standard","5":"has-post-thumbnail","7":"category-noticias-general"},"amp_enabled":true,"_links":{"self":[{"href":"https:\/\/www.todoeldia.com\/index.php\/wp-json\/wp\/v2\/posts\/8541","targetHints":{"allow":["GET"]}}],"collection":[{"href":"https:\/\/www.todoeldia.com\/index.php\/wp-json\/wp\/v2\/posts"}],"about":[{"href":"https:\/\/www.todoeldia.com\/index.php\/wp-json\/wp\/v2\/types\/post"}],"author":[{"embeddable":true,"href":"https:\/\/www.todoeldia.com\/index.php\/wp-json\/wp\/v2\/users\/2"}],"replies":[{"embeddable":true,"href":"https:\/\/www.todoeldia.com\/index.php\/wp-json\/wp\/v2\/comments?post=8541"}],"version-history":[{"count":1,"href":"https:\/\/www.todoeldia.com\/index.php\/wp-json\/wp\/v2\/posts\/8541\/revisions"}],"predecessor-version":[{"id":8543,"href":"https:\/\/www.todoeldia.com\/index.php\/wp-json\/wp\/v2\/posts\/8541\/revisions\/8543"}],"wp:featuredmedia":[{"embeddable":true,"href":"https:\/\/www.todoeldia.com\/index.php\/wp-json\/wp\/v2\/media\/8542"}],"wp:attachment":[{"href":"https:\/\/www.todoeldia.com\/index.php\/wp-json\/wp\/v2\/media?parent=8541"}],"wp:term":[{"taxonomy":"category","embeddable":true,"href":"https:\/\/www.todoeldia.com\/index.php\/wp-json\/wp\/v2\/categories?post=8541"},{"taxonomy":"post_tag","embeddable":true,"href":"https:\/\/www.todoeldia.com\/index.php\/wp-json\/wp\/v2\/tags?post=8541"}],"curies":[{"name":"wp","href":"https:\/\/api.w.org\/{rel}","templated":true}]}}