{"id":8555,"date":"2020-10-14T21:26:27","date_gmt":"2020-10-15T00:26:27","guid":{"rendered":"https:\/\/www.todoeldia.com\/?p=8555"},"modified":"2020-10-14T21:26:28","modified_gmt":"2020-10-15T00:26:28","slug":"de-aprobarse-la-intervencion-a-aguaray-esa-localidad-debera-elegir-nuevo-intendente-el-ano-proximo","status":"publish","type":"post","link":"https:\/\/www.todoeldia.com\/index.php\/2020\/10\/14\/de-aprobarse-la-intervencion-a-aguaray-esa-localidad-debera-elegir-nuevo-intendente-el-ano-proximo\/","title":{"rendered":"De aprobarse la intervenci\u00f3n a Aguaray, esa localidad deber\u00e1 elegir nuevo intendente el a\u00f1o pr\u00f3ximo"},"content":{"rendered":"\n<p>En caso de que el Senado de la Provincia apruebe ma\u00f1ana el proyecto de Ley de Intervenci\u00f3n a Aguaray al cual diputados le dio ayer media sanci\u00f3n, el Poder Ejecutivo deber\u00e1 promulgar la ley.<\/p>\n\n\n\n<p>En ese caso tendr\u00e1 que designar a un Interventor y tendr\u00e1 que llamar a elecciones a Intendente para el a\u00f1o que viene. El interventor estar\u00eda en funciones hasta el 10 de diciembre del a\u00f1o pr\u00f3ximo. En la convocatoria a elecciones provinciales donde se elegir\u00e1n Senadores, Diputados y Concejales, tendr\u00e1 que agregarse la Intendencia de Aguaray.<\/p>\n\n\n\n<p>Como es de p\u00fablico conocimiento el actual intendente Jorge Prado hab\u00eda sido vinculado con el esc\u00e1ndalo en el robo de ca\u00f1o del gasoducto del NEA y se encuentra imputado por fraude en perjuicio de la administraci\u00f3n p\u00fablica y robo.<\/p>\n\n\n\n<p>El Concejo Deliberante de Aguaray ya le hab\u00eda hecho un juicio por incumplimiento de deberes de funcionario, por abuso de poder, por delitos graves a la ley de medio ambiente, da\u00f1o patrimonial al municipio, pero no se logr\u00f3 la destituci\u00f3n.<\/p>\n","protected":false},"excerpt":{"rendered":"<p>En caso de que el Senado de la Provincia apruebe ma\u00f1ana el proyecto de Ley de Intervenci\u00f3n a Aguaray al cual diputados le dio ayer media sanci\u00f3n, el Poder Ejecutivo deber\u00e1 promulgar la ley. En ese caso tendr\u00e1 que designar a un Interventor y tendr\u00e1 que llamar a elecciones a Intendente para el a\u00f1o que [&hellip;]<\/p>\n","protected":false},"author":2,"featured_media":8556,"comment_status":"open","ping_status":"open","sticky":false,"template":"","format":"standard","meta":{"tdm_status":"","tdm_grid_status":"","_joinchat":[],"footnotes":""},"categories":[59],"tags":[],"class_list":{"0":"post-8555","1":"post","2":"type-post","3":"status-publish","4":"format-standard","5":"has-post-thumbnail","7":"category-politica"},"amp_enabled":true,"_links":{"self":[{"href":"https:\/\/www.todoeldia.com\/index.php\/wp-json\/wp\/v2\/posts\/8555","targetHints":{"allow":["GET"]}}],"collection":[{"href":"https:\/\/www.todoeldia.com\/index.php\/wp-json\/wp\/v2\/posts"}],"about":[{"href":"https:\/\/www.todoeldia.com\/index.php\/wp-json\/wp\/v2\/types\/post"}],"author":[{"embeddable":true,"href":"https:\/\/www.todoeldia.com\/index.php\/wp-json\/wp\/v2\/users\/2"}],"replies":[{"embeddable":true,"href":"https:\/\/www.todoeldia.com\/index.php\/wp-json\/wp\/v2\/comments?post=8555"}],"version-history":[{"count":1,"href":"https:\/\/www.todoeldia.com\/index.php\/wp-json\/wp\/v2\/posts\/8555\/revisions"}],"predecessor-version":[{"id":8557,"href":"https:\/\/www.todoeldia.com\/index.php\/wp-json\/wp\/v2\/posts\/8555\/revisions\/8557"}],"wp:featuredmedia":[{"embeddable":true,"href":"https:\/\/www.todoeldia.com\/index.php\/wp-json\/wp\/v2\/media\/8556"}],"wp:attachment":[{"href":"https:\/\/www.todoeldia.com\/index.php\/wp-json\/wp\/v2\/media?parent=8555"}],"wp:term":[{"taxonomy":"category","embeddable":true,"href":"https:\/\/www.todoeldia.com\/index.php\/wp-json\/wp\/v2\/categories?post=8555"},{"taxonomy":"post_tag","embeddable":true,"href":"https:\/\/www.todoeldia.com\/index.php\/wp-json\/wp\/v2\/tags?post=8555"}],"curies":[{"name":"wp","href":"https:\/\/api.w.org\/{rel}","templated":true}]}}