{"id":8558,"date":"2020-10-14T21:29:55","date_gmt":"2020-10-15T00:29:55","guid":{"rendered":"https:\/\/www.todoeldia.com\/?p=8558"},"modified":"2020-10-14T21:29:56","modified_gmt":"2020-10-15T00:29:56","slug":"hubo-consenso-entre-el-gobierno-los-empresarios-y-los-sindicalistas-el-salario-minimo-aumentara-un-28-en-tres-tramos","status":"publish","type":"post","link":"https:\/\/www.todoeldia.com\/index.php\/2020\/10\/14\/hubo-consenso-entre-el-gobierno-los-empresarios-y-los-sindicalistas-el-salario-minimo-aumentara-un-28-en-tres-tramos\/","title":{"rendered":"Hubo consenso entre el Gobierno, los empresarios y los sindicalistas: el salario m\u00ednimo aumentar\u00e1 un 28% en tres tramos"},"content":{"rendered":"\n<p>En una extensa reuni\u00f3n del Consejo del Salario se acord\u00f3 un incremento del 12% en octubre, un 10% en diciembre y un 6% en marzo. El sueldo m\u00ednimo llegar\u00e1 a $21.600 en 2021. Pol\u00e9mica porque la CGT vet\u00f3 la presencia de una de las CTA<\/p>\n\n\n\n<p>El Gobierno, los empresarios y los sindicalistas acordaron un aumento del 28%&nbsp;del salario m\u00ednimo en tres tramos, un 12% en octubre, un 10% en diciembre y un 6% en marzo, por lo que reci\u00e9n en 2021 llegar\u00e1 a $21.600&nbsp;(actualmente es de $16.875).<\/p>\n\n\n\n<p>La propuesta de aumento fue analizada por el sector empresarial, dos de las centrales obreras y el Ministerio de Trabajo durante la reuni\u00f3n del Consejo Nacional del Empleo, la Productividad y el Salario M\u00ednimo, Vital y M\u00f3vil, que deliber\u00f3 durante casi cuatro horas de manera virtual.<\/p>\n\n\n\n<p>En el comienzo, la Uni\u00f3n Industrial Argentina (UIA) plante\u00f3 un&nbsp;23% de aumento, mientras que la CGT y la CTA oficialista reclamaron un&nbsp;30%.&nbsp;Luego de la intervenci\u00f3n del ministro de Trabajo,&nbsp;Claudio Moroni, se pudo llegar a&nbsp;la cifra consensuada del 28%&nbsp;en tres tramos. El acuerdo incluye&nbsp;el compromiso de reunirse en abril a revisar el incremento pactado.<\/p>\n\n\n\n<p>El encuentro se inici\u00f3 con&nbsp;pol\u00e9mica:&nbsp;el cotitular de la CGT&nbsp;H\u00e9ctor Daer&nbsp;cuestion\u00f3 la presencia de las dos CTA porque tradicionalmente particip\u00f3 de las deliberaciones una sola de las fracciones de esa central, la versi\u00f3n oficialista que conduce el diputado&nbsp;Hugo Yasky.<\/p>\n\n\n\n<p>La postura fue rechazada por el titular de la CTA Aut\u00f3noma,&nbsp;Ricardo Peidr\u00f3, quien advirti\u00f3 que en esas condiciones no pod\u00edan participar como una entidad suplente y les advirti\u00f3 a los presentes en el Zoom:&nbsp;\u201cUstedes tienen miedo de una voz disonante en medio de la crisis econ\u00f3mica\u201d.<\/p>\n\n\n\n<p>Peidr\u00f3 no pudo integrarse a la discusi\u00f3n de las partes sobre el monto del aumento y se sum\u00f3 en la reuni\u00f3n plenaria, donde escuch\u00f3 la propuesta del 28% y la rechaz\u00f3 por&nbsp;\u201cinsuficiente\u201d. La CTA Aut\u00f3noma&nbsp;pedir\u00e1 la intervenci\u00f3n de la Organizaci\u00f3n Internacional del Trabajo (OIT)&nbsp;por&nbsp;\u201cdiscriminaci\u00f3n\u201d,&nbsp;ya que considera que debi\u00f3 haber participado de todas las deliberaciones.<\/p>\n\n\n\n<p>Antes del encuentro, la CGT y la CTA Aut\u00f3noma hab\u00edan coincidido en que el aumento del salario m\u00ednimo deb\u00eda permitir que ese ingreso se equiparara con el costo de la canasta familiar, que en agosto lleg\u00f3 a los $45.000, seg\u00fan estimaciones del INDEC.<\/p>\n\n\n\n<p>\u201cLa CGT no tiene un n\u00famero para ese nuevo salario. Eso se discute en el momento, pero hay que recordar que&nbsp;venimos de cuatro a\u00f1os que sostuvimos el valor de la canasta b\u00e1sica,&nbsp;pero tambi\u00e9n&nbsp;en estos \u00faltimos a\u00f1os lo que se hizo fue perder inclusive con respecto a la inflaci\u00f3n e incluso ese salario se fue para abajo\u201d, afirm\u00f3 el cotitular cegetista&nbsp;H\u00e9ctor Daer,&nbsp;que particip\u00f3 del encuentro de esta tarde.<\/p>\n","protected":false},"excerpt":{"rendered":"<p>En una extensa reuni\u00f3n del Consejo del Salario se acord\u00f3 un incremento del 12% en octubre, un 10% en diciembre y un 6% en marzo. El sueldo m\u00ednimo llegar\u00e1 a $21.600 en 2021. Pol\u00e9mica porque la CGT vet\u00f3 la presencia de una de las CTA El Gobierno, los empresarios y los sindicalistas acordaron un aumento [&hellip;]<\/p>\n","protected":false},"author":2,"featured_media":8559,"comment_status":"open","ping_status":"open","sticky":false,"template":"","format":"standard","meta":{"tdm_status":"","tdm_grid_status":"","_joinchat":[],"footnotes":""},"categories":[60],"tags":[],"class_list":{"0":"post-8558","1":"post","2":"type-post","3":"status-publish","4":"format-standard","5":"has-post-thumbnail","7":"category-economia"},"amp_enabled":true,"_links":{"self":[{"href":"https:\/\/www.todoeldia.com\/index.php\/wp-json\/wp\/v2\/posts\/8558","targetHints":{"allow":["GET"]}}],"collection":[{"href":"https:\/\/www.todoeldia.com\/index.php\/wp-json\/wp\/v2\/posts"}],"about":[{"href":"https:\/\/www.todoeldia.com\/index.php\/wp-json\/wp\/v2\/types\/post"}],"author":[{"embeddable":true,"href":"https:\/\/www.todoeldia.com\/index.php\/wp-json\/wp\/v2\/users\/2"}],"replies":[{"embeddable":true,"href":"https:\/\/www.todoeldia.com\/index.php\/wp-json\/wp\/v2\/comments?post=8558"}],"version-history":[{"count":1,"href":"https:\/\/www.todoeldia.com\/index.php\/wp-json\/wp\/v2\/posts\/8558\/revisions"}],"predecessor-version":[{"id":8560,"href":"https:\/\/www.todoeldia.com\/index.php\/wp-json\/wp\/v2\/posts\/8558\/revisions\/8560"}],"wp:featuredmedia":[{"embeddable":true,"href":"https:\/\/www.todoeldia.com\/index.php\/wp-json\/wp\/v2\/media\/8559"}],"wp:attachment":[{"href":"https:\/\/www.todoeldia.com\/index.php\/wp-json\/wp\/v2\/media?parent=8558"}],"wp:term":[{"taxonomy":"category","embeddable":true,"href":"https:\/\/www.todoeldia.com\/index.php\/wp-json\/wp\/v2\/categories?post=8558"},{"taxonomy":"post_tag","embeddable":true,"href":"https:\/\/www.todoeldia.com\/index.php\/wp-json\/wp\/v2\/tags?post=8558"}],"curies":[{"name":"wp","href":"https:\/\/api.w.org\/{rel}","templated":true}]}}