{"id":8567,"date":"2020-10-14T22:03:51","date_gmt":"2020-10-15T01:03:51","guid":{"rendered":"https:\/\/www.todoeldia.com\/?p=8567"},"modified":"2020-10-14T22:03:52","modified_gmt":"2020-10-15T01:03:52","slug":"fue-detenido-uno-de-los-cabecillas-del-asentamiento-de-parque-la-vega","status":"publish","type":"post","link":"https:\/\/www.todoeldia.com\/index.php\/2020\/10\/14\/fue-detenido-uno-de-los-cabecillas-del-asentamiento-de-parque-la-vega\/","title":{"rendered":"Fue detenido uno de los cabecillas del asentamiento de Parque La Vega"},"content":{"rendered":"\n<p>La polic\u00eda de la Provincia por orden de los Juzgados de Garant\u00edas 2 y 4 detuvo hoy a Yuthiel Alderete uno de los l\u00edderes del asentamiento Parque La Vega.<\/p>\n\n\n\n<p>La justicia lo investiga por varias causas entre ellos amenazas, coacci\u00f3n, robo y otros.&nbsp;<\/p>\n\n\n\n<p>La intervenci\u00f3n policial caus\u00f3 tensi\u00f3n entre los ocupantes del asentamiento porque pensaron que ven\u00eda tambi\u00e9n una orden de desalojo.<\/p>\n\n\n\n<p>Las denuncias contra Alderete fueron radicadas por vecinos de la zona.<\/p>\n\n\n\n<p>Se aclar\u00f3 desde la Fiscal\u00eda que no hay ninguna orden de desalojo, aunque preocupo la llegada de la caballer\u00eda de la polic\u00eda a la comisar\u00eda del barrio San remo.<\/p>\n\n\n\n<p>Luego de que se produjera la detenci\u00f3n, los okupas denunciaron que la Polic\u00eda se preparaba para sacarlos sin embargo desde de la Fiscal\u00eda se\u00f1alaron no hab\u00eda ning\u00fan pedido de desalojo.<br>&nbsp;<br><br><\/p>\n","protected":false},"excerpt":{"rendered":"<p>La polic\u00eda de la Provincia por orden de los Juzgados de Garant\u00edas 2 y 4 detuvo hoy a Yuthiel Alderete uno de los l\u00edderes del asentamiento Parque La Vega. La justicia lo investiga por varias causas entre ellos amenazas, coacci\u00f3n, robo y otros.&nbsp; La intervenci\u00f3n policial caus\u00f3 tensi\u00f3n entre los ocupantes del asentamiento porque pensaron [&hellip;]<\/p>\n","protected":false},"author":2,"featured_media":8568,"comment_status":"open","ping_status":"open","sticky":false,"template":"","format":"standard","meta":{"tdm_status":"","tdm_grid_status":"","_joinchat":[],"footnotes":""},"categories":[73],"tags":[],"class_list":{"0":"post-8567","1":"post","2":"type-post","3":"status-publish","4":"format-standard","5":"has-post-thumbnail","7":"category-noticias-general"},"amp_enabled":true,"_links":{"self":[{"href":"https:\/\/www.todoeldia.com\/index.php\/wp-json\/wp\/v2\/posts\/8567","targetHints":{"allow":["GET"]}}],"collection":[{"href":"https:\/\/www.todoeldia.com\/index.php\/wp-json\/wp\/v2\/posts"}],"about":[{"href":"https:\/\/www.todoeldia.com\/index.php\/wp-json\/wp\/v2\/types\/post"}],"author":[{"embeddable":true,"href":"https:\/\/www.todoeldia.com\/index.php\/wp-json\/wp\/v2\/users\/2"}],"replies":[{"embeddable":true,"href":"https:\/\/www.todoeldia.com\/index.php\/wp-json\/wp\/v2\/comments?post=8567"}],"version-history":[{"count":1,"href":"https:\/\/www.todoeldia.com\/index.php\/wp-json\/wp\/v2\/posts\/8567\/revisions"}],"predecessor-version":[{"id":8569,"href":"https:\/\/www.todoeldia.com\/index.php\/wp-json\/wp\/v2\/posts\/8567\/revisions\/8569"}],"wp:featuredmedia":[{"embeddable":true,"href":"https:\/\/www.todoeldia.com\/index.php\/wp-json\/wp\/v2\/media\/8568"}],"wp:attachment":[{"href":"https:\/\/www.todoeldia.com\/index.php\/wp-json\/wp\/v2\/media?parent=8567"}],"wp:term":[{"taxonomy":"category","embeddable":true,"href":"https:\/\/www.todoeldia.com\/index.php\/wp-json\/wp\/v2\/categories?post=8567"},{"taxonomy":"post_tag","embeddable":true,"href":"https:\/\/www.todoeldia.com\/index.php\/wp-json\/wp\/v2\/tags?post=8567"}],"curies":[{"name":"wp","href":"https:\/\/api.w.org\/{rel}","templated":true}]}}