{"id":8570,"date":"2020-10-15T09:27:28","date_gmt":"2020-10-15T12:27:28","guid":{"rendered":"https:\/\/www.todoeldia.com\/?p=8570"},"modified":"2020-10-15T09:27:29","modified_gmt":"2020-10-15T12:27:29","slug":"camionero-pierde-la-vida-al-chocar-contra-una-vaca-y-volcar-en-la-ruta-34-cerca-de-rio-piedras","status":"publish","type":"post","link":"https:\/\/www.todoeldia.com\/index.php\/2020\/10\/15\/camionero-pierde-la-vida-al-chocar-contra-una-vaca-y-volcar-en-la-ruta-34-cerca-de-rio-piedras\/","title":{"rendered":"Camionero pierde la vida al chocar contra una vaca y volcar en la ruta 34 cerca de Rio Piedras"},"content":{"rendered":"\n<p>El hecho ocurri\u00f3 pasada la medianoche a la altura del kil\u00f3metro 1484 de la ruta nacional 9\/34, donde producto del impacto entre un cami\u00f3n y un animal vacuno el veh\u00edculo volc\u00f3. El conductor perdi\u00f3 vida.<\/p>\n\n\n\n<p>Cerca de la 01:00 de la madrugada ingres\u00f3 un llamado el Sistema de Emergencia 9-1-1 de San Jos\u00e9 de Met\u00e1n que alertaba sobre un siniestro vial a la altura del kil\u00f3metro 1484 de la ruta nacional 9\/34 \u2013 Rio Piedras. Inmediatamente se desplaz\u00f3 la Policia &nbsp;quien constat\u00f3 el hecho.<\/p>\n\n\n\n<p>El veh\u00edculo se trasladaba en sentido norte \u2013 sur transportando un cargamento de papas, donde producto del impacto contra un animal vacuno se habr\u00eda producido el vuelco del mismo. En consecuencia, el conductor del veh\u00edculo perdi\u00f3 la vida en el lugar.<\/p>\n\n\n\n<p>Trabajaron efectivos del Destacamento Rio Piedras, Direcci\u00f3n de Seguridad Urbana y Divisi\u00f3n Guardia de Incendios y otros Siniestros, mientras que las pericias estuvieron a cargo del Grupo T\u00e9cnico Criminal\u00edstica<\/p>\n","protected":false},"excerpt":{"rendered":"<p>El hecho ocurri\u00f3 pasada la medianoche a la altura del kil\u00f3metro 1484 de la ruta nacional 9\/34, donde producto del impacto entre un cami\u00f3n y un animal vacuno el veh\u00edculo volc\u00f3. El conductor perdi\u00f3 vida. Cerca de la 01:00 de la madrugada ingres\u00f3 un llamado el Sistema de Emergencia 9-1-1 de San Jos\u00e9 de Met\u00e1n [&hellip;]<\/p>\n","protected":false},"author":2,"featured_media":8572,"comment_status":"open","ping_status":"open","sticky":false,"template":"","format":"standard","meta":{"tdm_status":"","tdm_grid_status":"","_joinchat":[],"footnotes":""},"categories":[63],"tags":[],"class_list":{"0":"post-8570","1":"post","2":"type-post","3":"status-publish","4":"format-standard","5":"has-post-thumbnail","7":"category-policiales"},"amp_enabled":true,"_links":{"self":[{"href":"https:\/\/www.todoeldia.com\/index.php\/wp-json\/wp\/v2\/posts\/8570","targetHints":{"allow":["GET"]}}],"collection":[{"href":"https:\/\/www.todoeldia.com\/index.php\/wp-json\/wp\/v2\/posts"}],"about":[{"href":"https:\/\/www.todoeldia.com\/index.php\/wp-json\/wp\/v2\/types\/post"}],"author":[{"embeddable":true,"href":"https:\/\/www.todoeldia.com\/index.php\/wp-json\/wp\/v2\/users\/2"}],"replies":[{"embeddable":true,"href":"https:\/\/www.todoeldia.com\/index.php\/wp-json\/wp\/v2\/comments?post=8570"}],"version-history":[{"count":1,"href":"https:\/\/www.todoeldia.com\/index.php\/wp-json\/wp\/v2\/posts\/8570\/revisions"}],"predecessor-version":[{"id":8573,"href":"https:\/\/www.todoeldia.com\/index.php\/wp-json\/wp\/v2\/posts\/8570\/revisions\/8573"}],"wp:featuredmedia":[{"embeddable":true,"href":"https:\/\/www.todoeldia.com\/index.php\/wp-json\/wp\/v2\/media\/8572"}],"wp:attachment":[{"href":"https:\/\/www.todoeldia.com\/index.php\/wp-json\/wp\/v2\/media?parent=8570"}],"wp:term":[{"taxonomy":"category","embeddable":true,"href":"https:\/\/www.todoeldia.com\/index.php\/wp-json\/wp\/v2\/categories?post=8570"},{"taxonomy":"post_tag","embeddable":true,"href":"https:\/\/www.todoeldia.com\/index.php\/wp-json\/wp\/v2\/tags?post=8570"}],"curies":[{"name":"wp","href":"https:\/\/api.w.org\/{rel}","templated":true}]}}