{"id":8574,"date":"2020-10-15T09:32:49","date_gmt":"2020-10-15T12:32:49","guid":{"rendered":"https:\/\/www.todoeldia.com\/?p=8574"},"modified":"2020-10-15T09:32:50","modified_gmt":"2020-10-15T12:32:50","slug":"madre-e-hija-detenidas-por-tentativa-de-homicidio","status":"publish","type":"post","link":"https:\/\/www.todoeldia.com\/index.php\/2020\/10\/15\/madre-e-hija-detenidas-por-tentativa-de-homicidio\/","title":{"rendered":"Madre e hija detenidas por tentativa de homicidio"},"content":{"rendered":"\n<p>Las dos mujeres llegaron el pasado domingo por la noche a una vivienda de barrio Las Colinas de la ciudad de Salta y agredieron a la v\u00edctima a golpes y la lesionaron con un elemento punzo cortante en la zona del abdomen.<\/p>\n\n\n\n<p>El&nbsp;fiscal penal 3 de la Unidad de Graves Atentados contra las Personas en turno, Gustavo Torres Rubelt, imput\u00f3 a&nbsp;Sandra del Valle Salazar y a su hija, Linda Milagro Ojeda,&nbsp;como autoras del&nbsp;delito de tentativa de homicidio simple en perjuicio de Tamara Estefan\u00eda Vargas.<\/p>\n\n\n\n<p>El hecho investigado ocurri\u00f3&nbsp;el pasado domingo 11 de octubre en barrio Las Colinas de la ciudad de Salta, donde seg\u00fan&nbsp;denuncia el esposo de la v\u00edctima, se present\u00f3 Salazar junto a Ojeda y otras dos personas en actitud hostil.<\/p>\n\n\n\n<p>Salazar, sin mediar palabras,&nbsp;tom\u00f3 del cabello a Vargas, le dio un golpe y Ojeda, la lesion\u00f3 con un elemento punzo cortante en la zona del abdomen.<\/p>\n\n\n\n<p>La&nbsp;v\u00edctima&nbsp;fue auxiliada y&nbsp;trasladada al hospital San Bernardo, mientras que&nbsp;los atacantes se dieron a la fuga.<\/p>\n\n\n\n<p>Desde la Fiscal\u00eda se dispusieron&nbsp;distintas medidas tendientes a establecer las circunstancias en las que se produjo el hecho.&nbsp;Se solicit\u00f3&nbsp;adem\u00e1s, que las&nbsp;acusadas permanezcan detenidas.<\/p>\n","protected":false},"excerpt":{"rendered":"<p>Las dos mujeres llegaron el pasado domingo por la noche a una vivienda de barrio Las Colinas de la ciudad de Salta y agredieron a la v\u00edctima a golpes y la lesionaron con un elemento punzo cortante en la zona del abdomen. El&nbsp;fiscal penal 3 de la Unidad de Graves Atentados contra las Personas en [&hellip;]<\/p>\n","protected":false},"author":2,"featured_media":8575,"comment_status":"open","ping_status":"open","sticky":false,"template":"","format":"standard","meta":{"tdm_status":"","tdm_grid_status":"","_joinchat":[],"footnotes":""},"categories":[63],"tags":[],"class_list":{"0":"post-8574","1":"post","2":"type-post","3":"status-publish","4":"format-standard","5":"has-post-thumbnail","7":"category-policiales"},"amp_enabled":true,"_links":{"self":[{"href":"https:\/\/www.todoeldia.com\/index.php\/wp-json\/wp\/v2\/posts\/8574","targetHints":{"allow":["GET"]}}],"collection":[{"href":"https:\/\/www.todoeldia.com\/index.php\/wp-json\/wp\/v2\/posts"}],"about":[{"href":"https:\/\/www.todoeldia.com\/index.php\/wp-json\/wp\/v2\/types\/post"}],"author":[{"embeddable":true,"href":"https:\/\/www.todoeldia.com\/index.php\/wp-json\/wp\/v2\/users\/2"}],"replies":[{"embeddable":true,"href":"https:\/\/www.todoeldia.com\/index.php\/wp-json\/wp\/v2\/comments?post=8574"}],"version-history":[{"count":1,"href":"https:\/\/www.todoeldia.com\/index.php\/wp-json\/wp\/v2\/posts\/8574\/revisions"}],"predecessor-version":[{"id":8576,"href":"https:\/\/www.todoeldia.com\/index.php\/wp-json\/wp\/v2\/posts\/8574\/revisions\/8576"}],"wp:featuredmedia":[{"embeddable":true,"href":"https:\/\/www.todoeldia.com\/index.php\/wp-json\/wp\/v2\/media\/8575"}],"wp:attachment":[{"href":"https:\/\/www.todoeldia.com\/index.php\/wp-json\/wp\/v2\/media?parent=8574"}],"wp:term":[{"taxonomy":"category","embeddable":true,"href":"https:\/\/www.todoeldia.com\/index.php\/wp-json\/wp\/v2\/categories?post=8574"},{"taxonomy":"post_tag","embeddable":true,"href":"https:\/\/www.todoeldia.com\/index.php\/wp-json\/wp\/v2\/tags?post=8574"}],"curies":[{"name":"wp","href":"https:\/\/api.w.org\/{rel}","templated":true}]}}