{"id":85849,"date":"2024-10-26T14:03:45","date_gmt":"2024-10-26T17:03:45","guid":{"rendered":"https:\/\/www.todoeldia.com\/?p=85849"},"modified":"2024-10-26T14:03:46","modified_gmt":"2024-10-26T17:03:46","slug":"hallaron-a-uno-de-los-desaparecidos-en-rio-piedras","status":"publish","type":"post","link":"https:\/\/www.todoeldia.com\/index.php\/2024\/10\/26\/hallaron-a-uno-de-los-desaparecidos-en-rio-piedras\/","title":{"rendered":"Hallaron a uno de los desaparecidos en R\u00edo Piedras"},"content":{"rendered":"\n<p>Se trata de Javier Wierna quien hab\u00eda avisado que se hab\u00edan extraviado. El jefe de la Unidad Regional confirm\u00f3 a El Vocero que ya fue hallado y ahora buscan a la otra persona.<\/p>\n\n\n\n<p>Javier Wierna, uno de los desaparecidos esta madrugada en R\u00edo Piedras, fue hallado hace instantes por personal policial.<\/p>\n\n\n\n<p>El jefe de la Unidad Regional confirm\u00f3 la novedad y asegur\u00f3 que ahora ser\u00e1 entrevistado para poder conocer detalles de la situaci\u00f3n de su compa\u00f1ero. Hab\u00eda indicado que el otro hombre con el que fue, hab\u00eda ca\u00eddo a un pozo de agua de donde no pudo salir.<\/p>\n","protected":false},"excerpt":{"rendered":"<p>Se trata de Javier Wierna quien hab\u00eda avisado que se hab\u00edan extraviado. El jefe de la Unidad Regional confirm\u00f3 a El Vocero que ya fue hallado y ahora buscan a la otra persona. Javier Wierna, uno de los desaparecidos esta madrugada en R\u00edo Piedras, fue hallado hace instantes por personal policial. El jefe de la [&hellip;]<\/p>\n","protected":false},"author":2,"featured_media":85851,"comment_status":"open","ping_status":"open","sticky":false,"template":"","format":"standard","meta":{"tdm_status":"","tdm_grid_status":"","_joinchat":[],"footnotes":""},"categories":[63],"tags":[],"class_list":{"0":"post-85849","1":"post","2":"type-post","3":"status-publish","4":"format-standard","5":"has-post-thumbnail","7":"category-policiales"},"amp_enabled":true,"_links":{"self":[{"href":"https:\/\/www.todoeldia.com\/index.php\/wp-json\/wp\/v2\/posts\/85849","targetHints":{"allow":["GET"]}}],"collection":[{"href":"https:\/\/www.todoeldia.com\/index.php\/wp-json\/wp\/v2\/posts"}],"about":[{"href":"https:\/\/www.todoeldia.com\/index.php\/wp-json\/wp\/v2\/types\/post"}],"author":[{"embeddable":true,"href":"https:\/\/www.todoeldia.com\/index.php\/wp-json\/wp\/v2\/users\/2"}],"replies":[{"embeddable":true,"href":"https:\/\/www.todoeldia.com\/index.php\/wp-json\/wp\/v2\/comments?post=85849"}],"version-history":[{"count":1,"href":"https:\/\/www.todoeldia.com\/index.php\/wp-json\/wp\/v2\/posts\/85849\/revisions"}],"predecessor-version":[{"id":85852,"href":"https:\/\/www.todoeldia.com\/index.php\/wp-json\/wp\/v2\/posts\/85849\/revisions\/85852"}],"wp:featuredmedia":[{"embeddable":true,"href":"https:\/\/www.todoeldia.com\/index.php\/wp-json\/wp\/v2\/media\/85851"}],"wp:attachment":[{"href":"https:\/\/www.todoeldia.com\/index.php\/wp-json\/wp\/v2\/media?parent=85849"}],"wp:term":[{"taxonomy":"category","embeddable":true,"href":"https:\/\/www.todoeldia.com\/index.php\/wp-json\/wp\/v2\/categories?post=85849"},{"taxonomy":"post_tag","embeddable":true,"href":"https:\/\/www.todoeldia.com\/index.php\/wp-json\/wp\/v2\/tags?post=85849"}],"curies":[{"name":"wp","href":"https:\/\/api.w.org\/{rel}","templated":true}]}}