{"id":85857,"date":"2024-10-27T12:41:02","date_gmt":"2024-10-27T15:41:02","guid":{"rendered":"https:\/\/www.todoeldia.com\/?p=85857"},"modified":"2024-10-27T12:41:02","modified_gmt":"2024-10-27T15:41:02","slug":"se-quisieron-pasar-de-vivos-y-los-agarraron-con-24-kilos-de-cocaina-en-el-tanque-de-nafta-en-lajitas","status":"publish","type":"post","link":"https:\/\/www.todoeldia.com\/index.php\/2024\/10\/27\/se-quisieron-pasar-de-vivos-y-los-agarraron-con-24-kilos-de-cocaina-en-el-tanque-de-nafta-en-lajitas\/","title":{"rendered":"Se quisieron pasar de vivos y los agarraron con 24 kilos de coca\u00edna en el tanque de nafta en Lajitas"},"content":{"rendered":"\n<p>Los gendarmes al acercarse al veh\u00edculo para controlarlo, percibieron un fuerte olor a nafta. Ese detalle deriv\u00f3 en el hallazgo de 24 paquetes de la droga.<\/p>\n\n\n\n<figure class=\"wp-block-image size-full is-resized\"><img loading=\"lazy\" decoding=\"async\" width=\"833\" height=\"447\" src=\"https:\/\/www.todoeldia.com\/wp-content\/uploads\/2024\/10\/image-216.png\" alt=\"\" class=\"wp-image-85859\" style=\"width:1068px;height:auto\" srcset=\"https:\/\/www.todoeldia.com\/wp-content\/uploads\/2024\/10\/image-216.png 833w, https:\/\/www.todoeldia.com\/wp-content\/uploads\/2024\/10\/image-216-300x161.png 300w, https:\/\/www.todoeldia.com\/wp-content\/uploads\/2024\/10\/image-216-768x412.png 768w, https:\/\/www.todoeldia.com\/wp-content\/uploads\/2024\/10\/image-216-783x420.png 783w, https:\/\/www.todoeldia.com\/wp-content\/uploads\/2024\/10\/image-216-696x373.png 696w\" sizes=\"auto, (max-width: 833px) 100vw, 833px\" \/><\/figure>\n\n\n\n<p>Los efectivos de la Secci\u00f3n \u201cLas Lajitas\u201d dependiente del Escuadr\u00f3n 45 \u201cSalta\u201d desplegados sobre la Ruta provincial N\u00b0 5 a la altura del kil\u00f3metro 163, detuvieron la marcha de un veh\u00edculo Ford Fiesta proveniente de Or\u00e1n con destino hac\u00eda la provincia de Tucum\u00e1n.<\/p>\n\n\n\n<figure class=\"wp-block-image size-full is-resized\"><img loading=\"lazy\" decoding=\"async\" width=\"554\" height=\"482\" src=\"https:\/\/www.todoeldia.com\/wp-content\/uploads\/2024\/10\/image-217.png\" alt=\"\" class=\"wp-image-85860\" style=\"width:1068px;height:auto\" srcset=\"https:\/\/www.todoeldia.com\/wp-content\/uploads\/2024\/10\/image-217.png 554w, https:\/\/www.todoeldia.com\/wp-content\/uploads\/2024\/10\/image-217-300x261.png 300w, https:\/\/www.todoeldia.com\/wp-content\/uploads\/2024\/10\/image-217-483x420.png 483w\" sizes=\"auto, (max-width: 554px) 100vw, 554px\" \/><\/figure>\n\n\n\n<p>Al momento del control f\u00edsico y documentol\u00f3gico, los funcionarios percibieron un fuerte olor a combustible. Ante la posibilidad de estar frente a un hecho il\u00edcito, se realiz\u00f3 una inspecci\u00f3n minuciosa que deriv\u00f3 en el hallazgo de paquetes dentro del tanque de combustible del rodado.<\/p>\n\n\n\n<figure class=\"wp-block-image size-full is-resized\"><img loading=\"lazy\" decoding=\"async\" width=\"556\" height=\"250\" src=\"https:\/\/www.todoeldia.com\/wp-content\/uploads\/2024\/10\/image-218.png\" alt=\"\" class=\"wp-image-85861\" style=\"width:1068px;height:auto\" srcset=\"https:\/\/www.todoeldia.com\/wp-content\/uploads\/2024\/10\/image-218.png 556w, https:\/\/www.todoeldia.com\/wp-content\/uploads\/2024\/10\/image-218-300x135.png 300w\" sizes=\"auto, (max-width: 556px) 100vw, 556px\" \/><\/figure>\n\n\n\n<p>De esta manera, los uniformados con cuidado extrajeron un total de 24 ladrillos, que fueron sometidos a la prueba de campo Narcotest y dieron positivo para coca\u00edna con un peso de 24 kilos 585 gramos.<\/p>\n\n\n\n<p>Intervino la Unidad Fiscal de Salta que dispuso el secuestro de la droga y del rodado. Como as\u00ed tambi\u00e9n, que los dos involucrados queden detenidos.<\/p>\n","protected":false},"excerpt":{"rendered":"<p>Los gendarmes al acercarse al veh\u00edculo para controlarlo, percibieron un fuerte olor a nafta. Ese detalle deriv\u00f3 en el hallazgo de 24 paquetes de la droga. Los efectivos de la Secci\u00f3n \u201cLas Lajitas\u201d dependiente del Escuadr\u00f3n 45 \u201cSalta\u201d desplegados sobre la Ruta provincial N\u00b0 5 a la altura del kil\u00f3metro 163, detuvieron la marcha de [&hellip;]<\/p>\n","protected":false},"author":2,"featured_media":85858,"comment_status":"open","ping_status":"open","sticky":false,"template":"","format":"standard","meta":{"tdm_status":"","tdm_grid_status":"","_joinchat":[],"footnotes":""},"categories":[63],"tags":[],"class_list":{"0":"post-85857","1":"post","2":"type-post","3":"status-publish","4":"format-standard","5":"has-post-thumbnail","7":"category-policiales"},"amp_enabled":true,"_links":{"self":[{"href":"https:\/\/www.todoeldia.com\/index.php\/wp-json\/wp\/v2\/posts\/85857","targetHints":{"allow":["GET"]}}],"collection":[{"href":"https:\/\/www.todoeldia.com\/index.php\/wp-json\/wp\/v2\/posts"}],"about":[{"href":"https:\/\/www.todoeldia.com\/index.php\/wp-json\/wp\/v2\/types\/post"}],"author":[{"embeddable":true,"href":"https:\/\/www.todoeldia.com\/index.php\/wp-json\/wp\/v2\/users\/2"}],"replies":[{"embeddable":true,"href":"https:\/\/www.todoeldia.com\/index.php\/wp-json\/wp\/v2\/comments?post=85857"}],"version-history":[{"count":1,"href":"https:\/\/www.todoeldia.com\/index.php\/wp-json\/wp\/v2\/posts\/85857\/revisions"}],"predecessor-version":[{"id":85862,"href":"https:\/\/www.todoeldia.com\/index.php\/wp-json\/wp\/v2\/posts\/85857\/revisions\/85862"}],"wp:featuredmedia":[{"embeddable":true,"href":"https:\/\/www.todoeldia.com\/index.php\/wp-json\/wp\/v2\/media\/85858"}],"wp:attachment":[{"href":"https:\/\/www.todoeldia.com\/index.php\/wp-json\/wp\/v2\/media?parent=85857"}],"wp:term":[{"taxonomy":"category","embeddable":true,"href":"https:\/\/www.todoeldia.com\/index.php\/wp-json\/wp\/v2\/categories?post=85857"},{"taxonomy":"post_tag","embeddable":true,"href":"https:\/\/www.todoeldia.com\/index.php\/wp-json\/wp\/v2\/tags?post=85857"}],"curies":[{"name":"wp","href":"https:\/\/api.w.org\/{rel}","templated":true}]}}