{"id":85863,"date":"2024-10-28T10:16:56","date_gmt":"2024-10-28T13:16:56","guid":{"rendered":"https:\/\/www.todoeldia.com\/?p=85863"},"modified":"2024-10-28T10:16:56","modified_gmt":"2024-10-28T13:16:56","slug":"preparan-el-desembarco-de-fuerzas-federales-en-la-frontera-con-bolivia-en-aguas-blancas","status":"publish","type":"post","link":"https:\/\/www.todoeldia.com\/index.php\/2024\/10\/28\/preparan-el-desembarco-de-fuerzas-federales-en-la-frontera-con-bolivia-en-aguas-blancas\/","title":{"rendered":"Preparan el desembarco de fuerzas federales en la frontera con Bolivia en aguas Blancas"},"content":{"rendered":"\n<p>El ministro de Seguridad de Salta, Marcelo Dom\u00ednguez junto a la secretaria de Seguridad de la Naci\u00f3n, Alejandra Monteoliva, y autoridades de distintas Fuerzas Federales y de la Polic\u00eda de Salta se reunieron en el puesto 28 de Julio de Gendarmer\u00eda Nacional. Recorrieron el Paso Internacional Puerto Chalanas y avanzaron en las medidas preparatorias para la llegada de los efectivos que reforzar\u00e1n la seguridad en la frontera.<\/p>\n\n\n\n<p>Evaluaron las gestiones que se est\u00e1n llevando a cabo para la ejecuci\u00f3n del Plan G\u00fcemes que implica la llegada de m\u00e1s recurso humano y de equipamiento tecnol\u00f3gico para desarrollar acciones estrat\u00e9gicas de vigilancia y control en la frontera norte.<\/p>\n\n\n\n<p>Visitaron los lugares donde se instalar\u00edan los refuerzos federales que llegar\u00e1n al departamento Or\u00e1n, evaluaron las instalaciones, el aspecto log\u00edstico necesario para que opere la primera base de Prefectura Naval en la provincia y se instalen centenares de efectivos en la zona. Avanzaron en las medidas preparatorias y articulaciones pertinentes.<\/p>\n\n\n\n<p>En este contexto, las autoridades recorrieron el Paso Internacional Puerto Chalanas y distintos puntos claves para la seguridad en la frontera con Bolivia.<\/p>\n","protected":false},"excerpt":{"rendered":"<p>El ministro de Seguridad de Salta, Marcelo Dom\u00ednguez junto a la secretaria de Seguridad de la Naci\u00f3n, Alejandra Monteoliva, y autoridades de distintas Fuerzas Federales y de la Polic\u00eda de Salta se reunieron en el puesto 28 de Julio de Gendarmer\u00eda Nacional. Recorrieron el Paso Internacional Puerto Chalanas y avanzaron en las medidas preparatorias para [&hellip;]<\/p>\n","protected":false},"author":2,"featured_media":85864,"comment_status":"open","ping_status":"open","sticky":false,"template":"","format":"standard","meta":{"tdm_status":"","tdm_grid_status":"","_joinchat":[],"footnotes":""},"categories":[63],"tags":[],"class_list":{"0":"post-85863","1":"post","2":"type-post","3":"status-publish","4":"format-standard","5":"has-post-thumbnail","7":"category-policiales"},"amp_enabled":true,"_links":{"self":[{"href":"https:\/\/www.todoeldia.com\/index.php\/wp-json\/wp\/v2\/posts\/85863","targetHints":{"allow":["GET"]}}],"collection":[{"href":"https:\/\/www.todoeldia.com\/index.php\/wp-json\/wp\/v2\/posts"}],"about":[{"href":"https:\/\/www.todoeldia.com\/index.php\/wp-json\/wp\/v2\/types\/post"}],"author":[{"embeddable":true,"href":"https:\/\/www.todoeldia.com\/index.php\/wp-json\/wp\/v2\/users\/2"}],"replies":[{"embeddable":true,"href":"https:\/\/www.todoeldia.com\/index.php\/wp-json\/wp\/v2\/comments?post=85863"}],"version-history":[{"count":1,"href":"https:\/\/www.todoeldia.com\/index.php\/wp-json\/wp\/v2\/posts\/85863\/revisions"}],"predecessor-version":[{"id":85865,"href":"https:\/\/www.todoeldia.com\/index.php\/wp-json\/wp\/v2\/posts\/85863\/revisions\/85865"}],"wp:featuredmedia":[{"embeddable":true,"href":"https:\/\/www.todoeldia.com\/index.php\/wp-json\/wp\/v2\/media\/85864"}],"wp:attachment":[{"href":"https:\/\/www.todoeldia.com\/index.php\/wp-json\/wp\/v2\/media?parent=85863"}],"wp:term":[{"taxonomy":"category","embeddable":true,"href":"https:\/\/www.todoeldia.com\/index.php\/wp-json\/wp\/v2\/categories?post=85863"},{"taxonomy":"post_tag","embeddable":true,"href":"https:\/\/www.todoeldia.com\/index.php\/wp-json\/wp\/v2\/tags?post=85863"}],"curies":[{"name":"wp","href":"https:\/\/api.w.org\/{rel}","templated":true}]}}