{"id":85885,"date":"2024-10-28T11:24:52","date_gmt":"2024-10-28T14:24:52","guid":{"rendered":"https:\/\/www.todoeldia.com\/?p=85885"},"modified":"2024-10-28T11:24:52","modified_gmt":"2024-10-28T14:24:52","slug":"rescataron-el-cuerpo-del-cazador-ahogado-en-rio-piedras-el-fin-de-semana","status":"publish","type":"post","link":"https:\/\/www.todoeldia.com\/index.php\/2024\/10\/28\/rescataron-el-cuerpo-del-cazador-ahogado-en-rio-piedras-el-fin-de-semana\/","title":{"rendered":"Rescataron el cuerpo del cazador ahogado en Rio Piedras el fin de semana"},"content":{"rendered":"\n<p>Tras el arribo del Grupo Operativo de Rescate en Altura de Bomberos de la Polic\u00eda de Salta, se llev\u00f3 a cabo el traslado del cuerpo de Juan Medina, quien perdi\u00f3 la vida ahogado este fin de semana en R\u00edo Piedras.<\/p>\n\n\n\n<p>El grupo especializado lleg\u00f3 a la vecina localidad ayer por la ma\u00f1ana y con ayuda del personal policial -que ya se encontraba trabajando-, m\u00e1s algunos vecinos y familiares, emprendieron as\u00ed el lugar del hecho. Cabe resaltar que, para acceder al lugar, hay que realizar una traves\u00eda de seis horas caminando por las serran\u00edas.<\/p>\n\n\n\n<figure class=\"wp-block-image size-full is-resized\"><img loading=\"lazy\" decoding=\"async\" width=\"763\" height=\"425\" src=\"https:\/\/www.todoeldia.com\/wp-content\/uploads\/2024\/10\/image-227.png\" alt=\"\" class=\"wp-image-85887\" style=\"width:782px;height:auto\" srcset=\"https:\/\/www.todoeldia.com\/wp-content\/uploads\/2024\/10\/image-227.png 763w, https:\/\/www.todoeldia.com\/wp-content\/uploads\/2024\/10\/image-227-300x167.png 300w, https:\/\/www.todoeldia.com\/wp-content\/uploads\/2024\/10\/image-227-754x420.png 754w, https:\/\/www.todoeldia.com\/wp-content\/uploads\/2024\/10\/image-227-696x388.png 696w\" sizes=\"auto, (max-width: 763px) 100vw, 763px\" \/><\/figure>\n\n\n\n<p><strong>Juan Medina, ten\u00eda 26 a\u00f1os<\/strong><\/p>\n\n\n\n<p>&#8220;Diferentes \u00e1reas de la Unidad Regional N\u00ba3 trabajan incansablemente desde el d\u00eda s\u00e1bado, en este operativo de rescate del cuerpo del hombre sin vida all\u00ed en R\u00edo Piedras&#8221; manifest\u00f3 el comisario Arnaldo V\u00e9lez, jefe de la unidad de Met\u00e1n.<\/p>\n\n\n\n<p>&#8220;Una vez que se logr\u00f3 sacar el cuerpo, ya casi de noche, el grupo especializado comenz\u00f3 con el traslado del mismo, llegando a un lugar donde hicieron base y pasaron la noche all\u00ed en los cerros. Donde se encontraban descansando, pudieron tener se\u00f1al, dando aviso de las \u00faltimas novedades, por ello es que se envi\u00f3 una cuadrilla m\u00e1s, con quince efectivos para hacer los relevos durante el traslado del cuerpo&#8221; dijo el uniformado.<\/p>\n","protected":false},"excerpt":{"rendered":"<p>Tras el arribo del Grupo Operativo de Rescate en Altura de Bomberos de la Polic\u00eda de Salta, se llev\u00f3 a cabo el traslado del cuerpo de Juan Medina, quien perdi\u00f3 la vida ahogado este fin de semana en R\u00edo Piedras. El grupo especializado lleg\u00f3 a la vecina localidad ayer por la ma\u00f1ana y con ayuda [&hellip;]<\/p>\n","protected":false},"author":2,"featured_media":85886,"comment_status":"open","ping_status":"open","sticky":false,"template":"","format":"standard","meta":{"tdm_status":"","tdm_grid_status":"","_joinchat":[],"footnotes":""},"categories":[63],"tags":[],"class_list":{"0":"post-85885","1":"post","2":"type-post","3":"status-publish","4":"format-standard","5":"has-post-thumbnail","7":"category-policiales"},"amp_enabled":true,"_links":{"self":[{"href":"https:\/\/www.todoeldia.com\/index.php\/wp-json\/wp\/v2\/posts\/85885","targetHints":{"allow":["GET"]}}],"collection":[{"href":"https:\/\/www.todoeldia.com\/index.php\/wp-json\/wp\/v2\/posts"}],"about":[{"href":"https:\/\/www.todoeldia.com\/index.php\/wp-json\/wp\/v2\/types\/post"}],"author":[{"embeddable":true,"href":"https:\/\/www.todoeldia.com\/index.php\/wp-json\/wp\/v2\/users\/2"}],"replies":[{"embeddable":true,"href":"https:\/\/www.todoeldia.com\/index.php\/wp-json\/wp\/v2\/comments?post=85885"}],"version-history":[{"count":1,"href":"https:\/\/www.todoeldia.com\/index.php\/wp-json\/wp\/v2\/posts\/85885\/revisions"}],"predecessor-version":[{"id":85888,"href":"https:\/\/www.todoeldia.com\/index.php\/wp-json\/wp\/v2\/posts\/85885\/revisions\/85888"}],"wp:featuredmedia":[{"embeddable":true,"href":"https:\/\/www.todoeldia.com\/index.php\/wp-json\/wp\/v2\/media\/85886"}],"wp:attachment":[{"href":"https:\/\/www.todoeldia.com\/index.php\/wp-json\/wp\/v2\/media?parent=85885"}],"wp:term":[{"taxonomy":"category","embeddable":true,"href":"https:\/\/www.todoeldia.com\/index.php\/wp-json\/wp\/v2\/categories?post=85885"},{"taxonomy":"post_tag","embeddable":true,"href":"https:\/\/www.todoeldia.com\/index.php\/wp-json\/wp\/v2\/tags?post=85885"}],"curies":[{"name":"wp","href":"https:\/\/api.w.org\/{rel}","templated":true}]}}