{"id":85897,"date":"2024-10-28T14:07:54","date_gmt":"2024-10-28T17:07:54","guid":{"rendered":"https:\/\/www.todoeldia.com\/?p=85897"},"modified":"2024-10-28T14:07:54","modified_gmt":"2024-10-28T17:07:54","slug":"el-real-madrid-cancelo-el-viaje-de-su-delegacion-porque-vinicius-no-ganara-el-balon-de-oro","status":"publish","type":"post","link":"https:\/\/www.todoeldia.com\/index.php\/2024\/10\/28\/el-real-madrid-cancelo-el-viaje-de-su-delegacion-porque-vinicius-no-ganara-el-balon-de-oro\/","title":{"rendered":"El Real Madrid cancel\u00f3 el viaje de su delegaci\u00f3n porque Vinicius no ganar\u00e1 el Bal\u00f3n de Oro"},"content":{"rendered":"\n<p>En la comitiva, de 50 personas, hab\u00eda otros nominados a diversos premios.<\/p>\n\n\n\n<p>Real Madrid tom\u00f3 la decisi\u00f3n de cancelar el viaje de su delegaci\u00f3n a Par\u00eds para la gala del Bal\u00f3n de Oro, lo que confirma que Vinicius Junior, el delantero brasile\u00f1o, no recibir\u00e1 el prestigioso premio. Esta decisi\u00f3n, que gener\u00f3 un profundo malestar en el club, se tom\u00f3 luego de recibir informaci\u00f3n sobre la falta de reconocimiento a su jugador estrella.<\/p>\n\n\n\n<p>El avi\u00f3n reservado por el club blanco estaba programado para partir desde el aeropuerto Adolfo Su\u00e1rez de Barajas a las 15 locales (las 11 de la Argentina), con una comitiva de 50 personas, entre las que se inclu\u00edan jugadores, directivos, familiares y cuerpo t\u00e9cnico.<\/p>\n\n\n\n<p>Sin embargo, a \u00faltimo momento, ante la confirmaci\u00f3n de que Vinicius no ser\u00eda premiado, el club opt\u00f3 por cancelar el vuelo en se\u00f1al de descontento. La noticia lleg\u00f3 como una sorpresa total para la delegaci\u00f3n, que permanec\u00eda en Valdebebas, a la espera de embarcarse en ese vuelo, para llegar en tiempo y forma al Th\u00e9\u00e2tre du Ch\u00e2telet de Par\u00eds, donde todo comenzar\u00e1 desde las 16 de la Argentina.<\/p>\n\n\n\n<p>\u201cSi los criterios del premio no proclaman ganador a Vinicius, esos mismos criterios deben proclamar ganador a Carvajal. Como esto no ha sido as\u00ed, es obvio que Bal\u00f3n de Oro y UEFA no respetan al Real Madrid. Y el Real Madrid no est\u00e1 donde no se le respeta\u201d, se transmite desde las entra\u00f1as del club merengue, seg\u00fan reconstruye el diario As de Madrid.<\/p>\n","protected":false},"excerpt":{"rendered":"<p>En la comitiva, de 50 personas, hab\u00eda otros nominados a diversos premios. Real Madrid tom\u00f3 la decisi\u00f3n de cancelar el viaje de su delegaci\u00f3n a Par\u00eds para la gala del Bal\u00f3n de Oro, lo que confirma que Vinicius Junior, el delantero brasile\u00f1o, no recibir\u00e1 el prestigioso premio. Esta decisi\u00f3n, que gener\u00f3 un profundo malestar en [&hellip;]<\/p>\n","protected":false},"author":2,"featured_media":85898,"comment_status":"open","ping_status":"open","sticky":false,"template":"","format":"standard","meta":{"tdm_status":"","tdm_grid_status":"","_joinchat":[],"footnotes":""},"categories":[62],"tags":[],"class_list":{"0":"post-85897","1":"post","2":"type-post","3":"status-publish","4":"format-standard","5":"has-post-thumbnail","7":"category-deportes"},"amp_enabled":true,"_links":{"self":[{"href":"https:\/\/www.todoeldia.com\/index.php\/wp-json\/wp\/v2\/posts\/85897","targetHints":{"allow":["GET"]}}],"collection":[{"href":"https:\/\/www.todoeldia.com\/index.php\/wp-json\/wp\/v2\/posts"}],"about":[{"href":"https:\/\/www.todoeldia.com\/index.php\/wp-json\/wp\/v2\/types\/post"}],"author":[{"embeddable":true,"href":"https:\/\/www.todoeldia.com\/index.php\/wp-json\/wp\/v2\/users\/2"}],"replies":[{"embeddable":true,"href":"https:\/\/www.todoeldia.com\/index.php\/wp-json\/wp\/v2\/comments?post=85897"}],"version-history":[{"count":1,"href":"https:\/\/www.todoeldia.com\/index.php\/wp-json\/wp\/v2\/posts\/85897\/revisions"}],"predecessor-version":[{"id":85899,"href":"https:\/\/www.todoeldia.com\/index.php\/wp-json\/wp\/v2\/posts\/85897\/revisions\/85899"}],"wp:featuredmedia":[{"embeddable":true,"href":"https:\/\/www.todoeldia.com\/index.php\/wp-json\/wp\/v2\/media\/85898"}],"wp:attachment":[{"href":"https:\/\/www.todoeldia.com\/index.php\/wp-json\/wp\/v2\/media?parent=85897"}],"wp:term":[{"taxonomy":"category","embeddable":true,"href":"https:\/\/www.todoeldia.com\/index.php\/wp-json\/wp\/v2\/categories?post=85897"},{"taxonomy":"post_tag","embeddable":true,"href":"https:\/\/www.todoeldia.com\/index.php\/wp-json\/wp\/v2\/tags?post=85897"}],"curies":[{"name":"wp","href":"https:\/\/api.w.org\/{rel}","templated":true}]}}