{"id":8593,"date":"2020-10-15T10:05:56","date_gmt":"2020-10-15T13:05:56","guid":{"rendered":"https:\/\/www.todoeldia.com\/?p=8593"},"modified":"2020-10-15T10:05:57","modified_gmt":"2020-10-15T13:05:57","slug":"oran-dan-a-conocer-la-apertura-de-un-amparo-colectivo-para-que-se-les-permita-circular-por-toda-la-provincia","status":"publish","type":"post","link":"https:\/\/www.todoeldia.com\/index.php\/2020\/10\/15\/oran-dan-a-conocer-la-apertura-de-un-amparo-colectivo-para-que-se-les-permita-circular-por-toda-la-provincia\/","title":{"rendered":"Or\u00e1n: dan a conocer la apertura de un amparo colectivo para que se les permita circular por toda la Provincia"},"content":{"rendered":"\n<p>La jueza de primera instancia en lo Civil de Personas y Familia 2 de Or\u00e1n Ana Mar\u00eda Carriquiry, hizo conocer la apertura del proceso de amparo colectivo, seg\u00fan fuera instado por la presentaci\u00f3n de un grupo de ciudadanos del Departamento de Or\u00e1n.<br>El amparo fue iniciado contra el Comit\u00e9 Operativo de Emergencia (COE), y contra quien resulte responsable.<br>Los amparistas solicitaron que se habilite la circulaci\u00f3n de los habitantes del Departamento Or\u00e1n, a transitar por todo el territorio provincial y acceder a la capital de la Provincia, sin otro requisito que no sea el de acreditar la identidad, toma de temperatura corporal y control de ox\u00edmetro de pulso.&nbsp;<br>En su resoluci\u00f3n, la jueza dijo que resulta procedente habilitar un per\u00edodo breve para que los que se encuentren en el colectivo (habitantes del Departamento de Or\u00e1n) puedan formular postulaciones en relaci\u00f3n a la presentaci\u00f3n efectuada, enviando un correo electr\u00f3nico a&nbsp;<a href=\"mailto:operyfam2@justiciasalta.gov.ar\">operyfam2@justiciasalta.gov.ar<\/a>, donde deber\u00e1 consignarse&nbsp;nombre completo, n\u00famero de documento y domicilio, aclarando si adhiere al amparo colectivo.&nbsp;<br>El plazo se encuentra habilitado&nbsp;hasta el viernes 16 de Octubre, a las 20. Las presentaciones efectuadas fuera de este t\u00e9rmino no ser\u00e1n agregadas al proceso.<\/p>\n","protected":false},"excerpt":{"rendered":"<p>La jueza de primera instancia en lo Civil de Personas y Familia 2 de Or\u00e1n Ana Mar\u00eda Carriquiry, hizo conocer la apertura del proceso de amparo colectivo, seg\u00fan fuera instado por la presentaci\u00f3n de un grupo de ciudadanos del Departamento de Or\u00e1n.El amparo fue iniciado contra el Comit\u00e9 Operativo de Emergencia (COE), y contra quien [&hellip;]<\/p>\n","protected":false},"author":2,"featured_media":8594,"comment_status":"open","ping_status":"open","sticky":false,"template":"","format":"standard","meta":{"tdm_status":"","tdm_grid_status":"","_joinchat":[],"footnotes":""},"categories":[73],"tags":[],"class_list":{"0":"post-8593","1":"post","2":"type-post","3":"status-publish","4":"format-standard","5":"has-post-thumbnail","7":"category-noticias-general"},"amp_enabled":true,"_links":{"self":[{"href":"https:\/\/www.todoeldia.com\/index.php\/wp-json\/wp\/v2\/posts\/8593","targetHints":{"allow":["GET"]}}],"collection":[{"href":"https:\/\/www.todoeldia.com\/index.php\/wp-json\/wp\/v2\/posts"}],"about":[{"href":"https:\/\/www.todoeldia.com\/index.php\/wp-json\/wp\/v2\/types\/post"}],"author":[{"embeddable":true,"href":"https:\/\/www.todoeldia.com\/index.php\/wp-json\/wp\/v2\/users\/2"}],"replies":[{"embeddable":true,"href":"https:\/\/www.todoeldia.com\/index.php\/wp-json\/wp\/v2\/comments?post=8593"}],"version-history":[{"count":1,"href":"https:\/\/www.todoeldia.com\/index.php\/wp-json\/wp\/v2\/posts\/8593\/revisions"}],"predecessor-version":[{"id":8595,"href":"https:\/\/www.todoeldia.com\/index.php\/wp-json\/wp\/v2\/posts\/8593\/revisions\/8595"}],"wp:featuredmedia":[{"embeddable":true,"href":"https:\/\/www.todoeldia.com\/index.php\/wp-json\/wp\/v2\/media\/8594"}],"wp:attachment":[{"href":"https:\/\/www.todoeldia.com\/index.php\/wp-json\/wp\/v2\/media?parent=8593"}],"wp:term":[{"taxonomy":"category","embeddable":true,"href":"https:\/\/www.todoeldia.com\/index.php\/wp-json\/wp\/v2\/categories?post=8593"},{"taxonomy":"post_tag","embeddable":true,"href":"https:\/\/www.todoeldia.com\/index.php\/wp-json\/wp\/v2\/tags?post=8593"}],"curies":[{"name":"wp","href":"https:\/\/api.w.org\/{rel}","templated":true}]}}