{"id":8636,"date":"2020-10-16T09:26:35","date_gmt":"2020-10-16T12:26:35","guid":{"rendered":"https:\/\/www.todoeldia.com\/?p=8636"},"modified":"2020-10-16T09:26:36","modified_gmt":"2020-10-16T12:26:36","slug":"metan-un-hombre-la-disparo-a-su-vecino-con-una-escopeta-en-las-piernas-tras-una-discusion","status":"publish","type":"post","link":"https:\/\/www.todoeldia.com\/index.php\/2020\/10\/16\/metan-un-hombre-la-disparo-a-su-vecino-con-una-escopeta-en-las-piernas-tras-una-discusion\/","title":{"rendered":"Metan: un hombre la disparo a su vecino con una escopeta en las piernas tras una discusi\u00f3n"},"content":{"rendered":"\n<p>Un hombre de Finca Campo Alegre en Metan Viejo result\u00f3 herido en una de sus piernas por un vecino tras una discusi\u00f3n. Fue trasladado en un veh\u00edculo particular al hospital local, donde fue asistido. El acusado, al momento de ser detenido, se comport\u00f3 hostil con el personal policial y los amenazaba con un palo.<\/p>\n\n\n\n<p>El&nbsp;fiscal penal 2 de Met\u00e1n, Gonzalo G\u00f3mez Amado, imput\u00f3 a&nbsp;Gabriel Eduardo Vargas como autor de los delitos de lesiones graves, amenazas y resistencia a la autoridad.<\/p>\n\n\n\n<p>El pasado lunes&nbsp;por la ma\u00f1ana,&nbsp;un vecino de&nbsp;finca Campo Alegre, Met\u00e1n Viejo, fue&nbsp;trasladado&nbsp;en un auto particular hacia el hospital local&nbsp;con una herida de arma de fuego en una de sus piernas. Al ser asistido, se encontraba l\u00facido y&nbsp;dijo que fue lesionado con una escopeta por un vecino tras una discusi\u00f3n y que \u00e9ste huy\u00f3 hacia el monte.<\/p>\n\n\n\n<p>Personal policial&nbsp;concurri\u00f3 al lugar y logr\u00f3&nbsp;identificar a Vargas como el agresor.&nbsp;<\/p>\n","protected":false},"excerpt":{"rendered":"<p>Un hombre de Finca Campo Alegre en Metan Viejo result\u00f3 herido en una de sus piernas por un vecino tras una discusi\u00f3n. Fue trasladado en un veh\u00edculo particular al hospital local, donde fue asistido. El acusado, al momento de ser detenido, se comport\u00f3 hostil con el personal policial y los amenazaba con un palo. El&nbsp;fiscal [&hellip;]<\/p>\n","protected":false},"author":2,"featured_media":8637,"comment_status":"open","ping_status":"open","sticky":false,"template":"","format":"standard","meta":{"tdm_status":"","tdm_grid_status":"","_joinchat":[],"footnotes":""},"categories":[63],"tags":[],"class_list":{"0":"post-8636","1":"post","2":"type-post","3":"status-publish","4":"format-standard","5":"has-post-thumbnail","7":"category-policiales"},"amp_enabled":true,"_links":{"self":[{"href":"https:\/\/www.todoeldia.com\/index.php\/wp-json\/wp\/v2\/posts\/8636","targetHints":{"allow":["GET"]}}],"collection":[{"href":"https:\/\/www.todoeldia.com\/index.php\/wp-json\/wp\/v2\/posts"}],"about":[{"href":"https:\/\/www.todoeldia.com\/index.php\/wp-json\/wp\/v2\/types\/post"}],"author":[{"embeddable":true,"href":"https:\/\/www.todoeldia.com\/index.php\/wp-json\/wp\/v2\/users\/2"}],"replies":[{"embeddable":true,"href":"https:\/\/www.todoeldia.com\/index.php\/wp-json\/wp\/v2\/comments?post=8636"}],"version-history":[{"count":1,"href":"https:\/\/www.todoeldia.com\/index.php\/wp-json\/wp\/v2\/posts\/8636\/revisions"}],"predecessor-version":[{"id":8638,"href":"https:\/\/www.todoeldia.com\/index.php\/wp-json\/wp\/v2\/posts\/8636\/revisions\/8638"}],"wp:featuredmedia":[{"embeddable":true,"href":"https:\/\/www.todoeldia.com\/index.php\/wp-json\/wp\/v2\/media\/8637"}],"wp:attachment":[{"href":"https:\/\/www.todoeldia.com\/index.php\/wp-json\/wp\/v2\/media?parent=8636"}],"wp:term":[{"taxonomy":"category","embeddable":true,"href":"https:\/\/www.todoeldia.com\/index.php\/wp-json\/wp\/v2\/categories?post=8636"},{"taxonomy":"post_tag","embeddable":true,"href":"https:\/\/www.todoeldia.com\/index.php\/wp-json\/wp\/v2\/tags?post=8636"}],"curies":[{"name":"wp","href":"https:\/\/api.w.org\/{rel}","templated":true}]}}