{"id":86934,"date":"2024-11-14T13:37:57","date_gmt":"2024-11-14T16:37:57","guid":{"rendered":"https:\/\/www.todoeldia.com\/?p=86934"},"modified":"2024-11-14T13:37:58","modified_gmt":"2024-11-14T16:37:58","slug":"otro-cachetazo-al-kirchnerismo-amado-boudou-tambien-se-queda-sin-su-jubilacion-de-privilegio","status":"publish","type":"post","link":"https:\/\/www.todoeldia.com\/index.php\/2024\/11\/14\/otro-cachetazo-al-kirchnerismo-amado-boudou-tambien-se-queda-sin-su-jubilacion-de-privilegio\/","title":{"rendered":"Otro cachetazo al kirchnerismo: Amado Boudou tambi\u00e9n se queda sin su jubilaci\u00f3n de privilegio"},"content":{"rendered":"\n<p>A la par del retiro de la jubilaci\u00f3n de Cristina Fern\u00e1ndez de Kirchner, el Ejecutivo comunic\u00f3 que tambi\u00e9n lo har\u00e1 con la del ex vicepresidente.<\/p>\n\n\n\n<figure class=\"wp-block-image size-large\"><img loading=\"lazy\" decoding=\"async\" width=\"1024\" height=\"576\" src=\"https:\/\/www.todoeldia.com\/wp-content\/uploads\/2024\/11\/image-118-1024x576.png\" alt=\"\" class=\"wp-image-86936\" srcset=\"https:\/\/www.todoeldia.com\/wp-content\/uploads\/2024\/11\/image-118-1024x576.png 1024w, https:\/\/www.todoeldia.com\/wp-content\/uploads\/2024\/11\/image-118-300x169.png 300w, https:\/\/www.todoeldia.com\/wp-content\/uploads\/2024\/11\/image-118-768x432.png 768w, https:\/\/www.todoeldia.com\/wp-content\/uploads\/2024\/11\/image-118-747x420.png 747w, https:\/\/www.todoeldia.com\/wp-content\/uploads\/2024\/11\/image-118-696x392.png 696w, https:\/\/www.todoeldia.com\/wp-content\/uploads\/2024\/11\/image-118-1068x601.png 1068w, https:\/\/www.todoeldia.com\/wp-content\/uploads\/2024\/11\/image-118.png 1456w\" sizes=\"auto, (max-width: 1024px) 100vw, 1024px\" \/><\/figure>\n\n\n\n<p>El Gobierno de Javier Milei anunci\u00f3 este jueves que, a la par del retiro de la jubilaci\u00f3n de privilegio de Cristina Fern\u00e1ndez de Kirchner y la pensi\u00f3n de N\u00e9stor Kirchner, el ex vicepresidente Amado Boudou tambi\u00e9n dejar\u00e1 de cobrar el beneficio de 3.400.132 pesos en mano.<\/p>\n\n\n\n<p>&#8220;Con el mismo criterio que se aplic\u00f3 a Cristina, se suspender\u00e1 la jubilaci\u00f3n de privilegio a Amado Boudou&#8221;, le dijo la ministra de Capital Humano Sandra Pettovello a \u00c1mbito.<\/p>\n\n\n\n<figure class=\"wp-block-image size-full is-resized\"><img loading=\"lazy\" decoding=\"async\" width=\"603\" height=\"278\" src=\"https:\/\/www.todoeldia.com\/wp-content\/uploads\/2024\/11\/image-119.png\" alt=\"\" class=\"wp-image-86937\" style=\"width:1053px;height:auto\" srcset=\"https:\/\/www.todoeldia.com\/wp-content\/uploads\/2024\/11\/image-119.png 603w, https:\/\/www.todoeldia.com\/wp-content\/uploads\/2024\/11\/image-119-300x138.png 300w\" sizes=\"auto, (max-width: 603px) 100vw, 603px\" \/><\/figure>\n\n\n\n<p>El expresidente fue condenado en la causa Ciccone Calcogr\u00e1fica a una pena de 5 a\u00f1os y 10 meses de prisi\u00f3n por los delitos de cohecho pasivo y negociaciones incompatibles con la funci\u00f3n p\u00fablica.<\/p>\n","protected":false},"excerpt":{"rendered":"<p>A la par del retiro de la jubilaci\u00f3n de Cristina Fern\u00e1ndez de Kirchner, el Ejecutivo comunic\u00f3 que tambi\u00e9n lo har\u00e1 con la del ex vicepresidente. El Gobierno de Javier Milei anunci\u00f3 este jueves que, a la par del retiro de la jubilaci\u00f3n de privilegio de Cristina Fern\u00e1ndez de Kirchner y la pensi\u00f3n de N\u00e9stor Kirchner, [&hellip;]<\/p>\n","protected":false},"author":2,"featured_media":86935,"comment_status":"open","ping_status":"open","sticky":false,"template":"","format":"standard","meta":{"tdm_status":"","tdm_grid_status":"","_joinchat":[],"footnotes":""},"categories":[59],"tags":[],"class_list":{"0":"post-86934","1":"post","2":"type-post","3":"status-publish","4":"format-standard","5":"has-post-thumbnail","7":"category-politica"},"amp_enabled":true,"_links":{"self":[{"href":"https:\/\/www.todoeldia.com\/index.php\/wp-json\/wp\/v2\/posts\/86934","targetHints":{"allow":["GET"]}}],"collection":[{"href":"https:\/\/www.todoeldia.com\/index.php\/wp-json\/wp\/v2\/posts"}],"about":[{"href":"https:\/\/www.todoeldia.com\/index.php\/wp-json\/wp\/v2\/types\/post"}],"author":[{"embeddable":true,"href":"https:\/\/www.todoeldia.com\/index.php\/wp-json\/wp\/v2\/users\/2"}],"replies":[{"embeddable":true,"href":"https:\/\/www.todoeldia.com\/index.php\/wp-json\/wp\/v2\/comments?post=86934"}],"version-history":[{"count":1,"href":"https:\/\/www.todoeldia.com\/index.php\/wp-json\/wp\/v2\/posts\/86934\/revisions"}],"predecessor-version":[{"id":86938,"href":"https:\/\/www.todoeldia.com\/index.php\/wp-json\/wp\/v2\/posts\/86934\/revisions\/86938"}],"wp:featuredmedia":[{"embeddable":true,"href":"https:\/\/www.todoeldia.com\/index.php\/wp-json\/wp\/v2\/media\/86935"}],"wp:attachment":[{"href":"https:\/\/www.todoeldia.com\/index.php\/wp-json\/wp\/v2\/media?parent=86934"}],"wp:term":[{"taxonomy":"category","embeddable":true,"href":"https:\/\/www.todoeldia.com\/index.php\/wp-json\/wp\/v2\/categories?post=86934"},{"taxonomy":"post_tag","embeddable":true,"href":"https:\/\/www.todoeldia.com\/index.php\/wp-json\/wp\/v2\/tags?post=86934"}],"curies":[{"name":"wp","href":"https:\/\/api.w.org\/{rel}","templated":true}]}}