{"id":86953,"date":"2024-11-14T14:54:25","date_gmt":"2024-11-14T17:54:25","guid":{"rendered":"https:\/\/www.todoeldia.com\/?p=86953"},"modified":"2024-11-14T14:54:26","modified_gmt":"2024-11-14T17:54:26","slug":"andres-merlos-imputado-por-la-agresion-al-vicepresidente-de-talleres","status":"publish","type":"post","link":"https:\/\/www.todoeldia.com\/index.php\/2024\/11\/14\/andres-merlos-imputado-por-la-agresion-al-vicepresidente-de-talleres\/","title":{"rendered":"Andr\u00e9s Merlos, imputado por la agresi\u00f3n al vicepresidente de Talleres"},"content":{"rendered":"\n<p>Tras el esc\u00e1ndalo posterior al partido de Copa Argentina entre Boca y Talleres, el \u00e1rbitro fue citado a una audiencia.<\/p>\n\n\n\n<p>\u201clesiones leves dolosas\u201d contra Gustavo Gatti, vicepresidente de Talleres de C\u00f3rdoba, en un episodio que tuvo lugar tras el partido de Copa Argentina entre Boca y el equipo cordob\u00e9s.<\/p>\n\n\n\n<p>La imputaci\u00f3n se centra en una presunta agresi\u00f3n f\u00edsica por parte del \u00e1rbitro hacia el dirigente, quien habr\u00eda sufrido lesiones constatadas por el Cuerpo M\u00e9dico Forense, incluyendo excoriaciones y traumatismos. Merlos fue citado a una audiencia el pr\u00f3ximo 19 de noviembre y se le prohibi\u00f3 acercarse o comunicarse con Gatti y otros directivos de Talleres.<\/p>\n\n\n\n<p>Este esc\u00e1ndalo, que estall\u00f3 en septiembre pasado, gener\u00f3 tensiones en el f\u00fatbol argentino y dej\u00f3 versiones encontradas entre los involucrados. Seg\u00fan la Fiscal\u00eda, Merlos habr\u00eda propinado una patada a Gatti en medio de una acalorada discusi\u00f3n en la zona de vestuarios del estadio Malvinas Argentinas.<\/p>\n\n\n\n<p>El dirigente de Talleres present\u00f3 pruebas de las lesiones, entre ellas equimosis y un traumatismo abdominal, derivadas de la confrontaci\u00f3n. En consecuencia, Andr\u00e9s Fassi, presidente de Talleres, fue suspendido por dos a\u00f1os por el Tribunal de Disciplina de la AFA, mientras que Gatti recibi\u00f3 una sanci\u00f3n de seis meses.<\/p>\n\n\n\n<p>Merlos defendi\u00f3 su accionar, donde asegur\u00f3 que Fassi intent\u00f3 irrumpir en su vestuario acompa\u00f1ado de personas armadas.<\/p>\n","protected":false},"excerpt":{"rendered":"<p>Tras el esc\u00e1ndalo posterior al partido de Copa Argentina entre Boca y Talleres, el \u00e1rbitro fue citado a una audiencia. \u201clesiones leves dolosas\u201d contra Gustavo Gatti, vicepresidente de Talleres de C\u00f3rdoba, en un episodio que tuvo lugar tras el partido de Copa Argentina entre Boca y el equipo cordob\u00e9s. La imputaci\u00f3n se centra en una [&hellip;]<\/p>\n","protected":false},"author":2,"featured_media":86954,"comment_status":"open","ping_status":"open","sticky":false,"template":"","format":"standard","meta":{"tdm_status":"","tdm_grid_status":"","_joinchat":[],"footnotes":""},"categories":[63],"tags":[],"class_list":{"0":"post-86953","1":"post","2":"type-post","3":"status-publish","4":"format-standard","5":"has-post-thumbnail","7":"category-policiales"},"amp_enabled":true,"_links":{"self":[{"href":"https:\/\/www.todoeldia.com\/index.php\/wp-json\/wp\/v2\/posts\/86953","targetHints":{"allow":["GET"]}}],"collection":[{"href":"https:\/\/www.todoeldia.com\/index.php\/wp-json\/wp\/v2\/posts"}],"about":[{"href":"https:\/\/www.todoeldia.com\/index.php\/wp-json\/wp\/v2\/types\/post"}],"author":[{"embeddable":true,"href":"https:\/\/www.todoeldia.com\/index.php\/wp-json\/wp\/v2\/users\/2"}],"replies":[{"embeddable":true,"href":"https:\/\/www.todoeldia.com\/index.php\/wp-json\/wp\/v2\/comments?post=86953"}],"version-history":[{"count":1,"href":"https:\/\/www.todoeldia.com\/index.php\/wp-json\/wp\/v2\/posts\/86953\/revisions"}],"predecessor-version":[{"id":86955,"href":"https:\/\/www.todoeldia.com\/index.php\/wp-json\/wp\/v2\/posts\/86953\/revisions\/86955"}],"wp:featuredmedia":[{"embeddable":true,"href":"https:\/\/www.todoeldia.com\/index.php\/wp-json\/wp\/v2\/media\/86954"}],"wp:attachment":[{"href":"https:\/\/www.todoeldia.com\/index.php\/wp-json\/wp\/v2\/media?parent=86953"}],"wp:term":[{"taxonomy":"category","embeddable":true,"href":"https:\/\/www.todoeldia.com\/index.php\/wp-json\/wp\/v2\/categories?post=86953"},{"taxonomy":"post_tag","embeddable":true,"href":"https:\/\/www.todoeldia.com\/index.php\/wp-json\/wp\/v2\/tags?post=86953"}],"curies":[{"name":"wp","href":"https:\/\/api.w.org\/{rel}","templated":true}]}}