{"id":86958,"date":"2024-11-15T14:24:39","date_gmt":"2024-11-15T17:24:39","guid":{"rendered":"https:\/\/www.todoeldia.com\/?p=86958"},"modified":"2024-11-15T14:24:40","modified_gmt":"2024-11-15T17:24:40","slug":"donald-trump-felicito-a-javier-milei-el-trabajo-que-hiciste-por-la-argentina-es-increible","status":"publish","type":"post","link":"https:\/\/www.todoeldia.com\/index.php\/2024\/11\/15\/donald-trump-felicito-a-javier-milei-el-trabajo-que-hiciste-por-la-argentina-es-increible\/","title":{"rendered":"Donald Trump felicit\u00f3 a Javier Milei: \u201cEl trabajo que hiciste por la Argentina es incre\u00edble\u201d"},"content":{"rendered":"\n<p>El Presidente se encuentra en Estados Unidos para participar de la Conferencia de Acci\u00f3n Pol\u00edtica Conservadora (CPAC), reunirse con empresarios y fortalecer su v\u00ednculo con el futuro jefe de Estado norteamericano. \u201cVamos a plantar bien alto las ideas de la libertad\u201d, remarc\u00f3.<\/p>\n\n\n\n<p>El presidente Javier Milei mantuvo un encuentro informal con el presidente electo de Estados Unidos, Donald Trump, durante el evento realizado en su casa de Mar-a-Lago, Florida, y organizado por el America First Policy Institute.<\/p>\n\n\n\n<p>Durante la cena, Milei comparti\u00f3 escenario con Trump. Ambos l\u00edderes se saludaron y mantuvieron una conversaci\u00f3n informal de alrededor de 20 minutos en la que abordaron diversos temas relacionados con la pol\u00edtica mundial y \u201clas ideas de la libertad\u201d.<\/p>\n\n\n\n<p>Adem\u00e1s, Trump le dedic\u00f3 unas palabras a Milei: \u201cJavier me gustar\u00eda felicitarte por el trabajo que hiciste con la Argentina. Tu discurso fue hermoso, pero el trabajo que hiciste es incre\u00edble. Hacer a la Argentina grande de nuevo\u201d.<\/p>\n\n\n\n<p>En tanto, Milei celebr\u00f3 el triunfo de Trump en las elecciones presidenciales de Estados Unidos: \u201cQuiero felicitar al Presidente electo por su contundente victoria\u201d, dijo en el c\u00f3ctel de bienvenida de la Conferencia de Acci\u00f3n Pol\u00edtica Conservadora (CPAC).<\/p>\n\n\n\n<p>\u201cFue la remontada pol\u00edtica m\u00e1s grande de la historia, enfrentado a todo el establishment e incluso poniendo en riesgo su propia vida. Hoy el mundo es mucho mejor porque soplan vientos de libertad much\u00edsimo m\u00e1s fuerte. Las fuerzas del cielo est\u00e1n de nuestro lado\u201d, asegur\u00f3 Milei.<\/p>\n","protected":false},"excerpt":{"rendered":"<p>El Presidente se encuentra en Estados Unidos para participar de la Conferencia de Acci\u00f3n Pol\u00edtica Conservadora (CPAC), reunirse con empresarios y fortalecer su v\u00ednculo con el futuro jefe de Estado norteamericano. \u201cVamos a plantar bien alto las ideas de la libertad\u201d, remarc\u00f3. El presidente Javier Milei mantuvo un encuentro informal con el presidente electo de [&hellip;]<\/p>\n","protected":false},"author":2,"featured_media":86959,"comment_status":"open","ping_status":"open","sticky":false,"template":"","format":"standard","meta":{"tdm_status":"","tdm_grid_status":"","_joinchat":[],"footnotes":""},"categories":[59],"tags":[],"class_list":{"0":"post-86958","1":"post","2":"type-post","3":"status-publish","4":"format-standard","5":"has-post-thumbnail","7":"category-politica"},"amp_enabled":true,"_links":{"self":[{"href":"https:\/\/www.todoeldia.com\/index.php\/wp-json\/wp\/v2\/posts\/86958","targetHints":{"allow":["GET"]}}],"collection":[{"href":"https:\/\/www.todoeldia.com\/index.php\/wp-json\/wp\/v2\/posts"}],"about":[{"href":"https:\/\/www.todoeldia.com\/index.php\/wp-json\/wp\/v2\/types\/post"}],"author":[{"embeddable":true,"href":"https:\/\/www.todoeldia.com\/index.php\/wp-json\/wp\/v2\/users\/2"}],"replies":[{"embeddable":true,"href":"https:\/\/www.todoeldia.com\/index.php\/wp-json\/wp\/v2\/comments?post=86958"}],"version-history":[{"count":1,"href":"https:\/\/www.todoeldia.com\/index.php\/wp-json\/wp\/v2\/posts\/86958\/revisions"}],"predecessor-version":[{"id":86960,"href":"https:\/\/www.todoeldia.com\/index.php\/wp-json\/wp\/v2\/posts\/86958\/revisions\/86960"}],"wp:featuredmedia":[{"embeddable":true,"href":"https:\/\/www.todoeldia.com\/index.php\/wp-json\/wp\/v2\/media\/86959"}],"wp:attachment":[{"href":"https:\/\/www.todoeldia.com\/index.php\/wp-json\/wp\/v2\/media?parent=86958"}],"wp:term":[{"taxonomy":"category","embeddable":true,"href":"https:\/\/www.todoeldia.com\/index.php\/wp-json\/wp\/v2\/categories?post=86958"},{"taxonomy":"post_tag","embeddable":true,"href":"https:\/\/www.todoeldia.com\/index.php\/wp-json\/wp\/v2\/tags?post=86958"}],"curies":[{"name":"wp","href":"https:\/\/api.w.org\/{rel}","templated":true}]}}