{"id":86970,"date":"2024-11-15T17:29:34","date_gmt":"2024-11-15T20:29:34","guid":{"rendered":"https:\/\/www.todoeldia.com\/?p=86970"},"modified":"2024-11-15T17:29:35","modified_gmt":"2024-11-15T20:29:35","slug":"detienen-a-un-periodista-por-publicaciones-intimidantes-al-gobernador-gustavo-saenz","status":"publish","type":"post","link":"https:\/\/www.todoeldia.com\/index.php\/2024\/11\/15\/detienen-a-un-periodista-por-publicaciones-intimidantes-al-gobernador-gustavo-saenz\/","title":{"rendered":"Detienen a un periodista por publicaciones \u201cintimidantes\u201d al Gobernador Gustavo S\u00e1enz"},"content":{"rendered":"\n<p>La denuncia, formulada por coordinador Nicol\u00e1s Demitr\u00f3pulos, fue formulada contra el titular del portal \u201cNoticias A\u201d y fue detenido por la polic\u00eda. Su abogado denunci\u00f3 que no corresponde ese accionar que deja en evidencia la falta de independencia de poderes del Estado.<\/p>\n\n\n\n<p>El periodista Luis \u00c1ngel Caro, titular del medio Noticias A, fue detenido este ma\u00f1ana en el marco de una denuncia en su contra, formulada por el coordinador administrativo del Gobierno provincial, quien lo acus\u00f3 de \u201cdesobediencia judicial e intimidaci\u00f3n p\u00fablica\u201d, a ra\u00edz de publicaciones vinculadas al Gobernador Gustavo S\u00e1enz.<\/p>\n\n\n\n<p>Caro era vigilado en inmediaciones de su vivienda desde el mi\u00e9rcoles 13 por la tarde y en la ma\u00f1ana de este jueves, el fiscal penal 2, Ramiro Ramos Ossorio, solicit\u00f3 su detenci\u00f3n, tras la denuncia en la que el funcionario Demitr\u00f3pulos denuncia a Luis Caro por \u201cacusar al gobernador de robar\u201d de ser un delincuente y \u201cde otros calificativos contrarios a la dignidad\u201d.<\/p>\n\n\n\n<p>El abogado representante de Caro, Humberto V\u00e1zquez, indic\u00f3 que la detenci\u00f3n se produjo \u201csin ning\u00fan tipo de legitimaci\u00f3n procesal porque no sabemos con qu\u00e9 car\u00e1cter denuncia Demitr\u00f3pulos\u201d.<\/p>\n\n\n\n<p>V\u00e1zquez fue categ\u00f3rico al se\u00f1alar que la detenci\u00f3n fue \u201ctotalmente ilegal e ileg\u00edtima\u201d, puesto que ante situaciones como \u00e9stas, en ning\u00fan caso corresponde la acci\u00f3n del fuero penal y menos a\u00fan la detenci\u00f3n de un periodista y ciudadano, toda vez que se viola la libertad de expresi\u00f3n y la libertad de prensa, protegidas por la Constituci\u00f3n argentina.<\/p>\n\n\n\n<p>Luego de aproximadamente cinco horas, Luis Caro fue dejado en libertad ante la evidencia de la ilegalidad de las actuaciones policiales y judiciales.<\/p>\n\n\n\n<p>Opinorte<\/p>\n","protected":false},"excerpt":{"rendered":"<p>La denuncia, formulada por coordinador Nicol\u00e1s Demitr\u00f3pulos, fue formulada contra el titular del portal \u201cNoticias A\u201d y fue detenido por la polic\u00eda. Su abogado denunci\u00f3 que no corresponde ese accionar que deja en evidencia la falta de independencia de poderes del Estado. El periodista Luis \u00c1ngel Caro, titular del medio Noticias A, fue detenido este [&hellip;]<\/p>\n","protected":false},"author":2,"featured_media":86971,"comment_status":"open","ping_status":"open","sticky":false,"template":"","format":"standard","meta":{"tdm_status":"","tdm_grid_status":"","_joinchat":[],"footnotes":""},"categories":[63],"tags":[],"class_list":{"0":"post-86970","1":"post","2":"type-post","3":"status-publish","4":"format-standard","5":"has-post-thumbnail","7":"category-policiales"},"amp_enabled":true,"_links":{"self":[{"href":"https:\/\/www.todoeldia.com\/index.php\/wp-json\/wp\/v2\/posts\/86970","targetHints":{"allow":["GET"]}}],"collection":[{"href":"https:\/\/www.todoeldia.com\/index.php\/wp-json\/wp\/v2\/posts"}],"about":[{"href":"https:\/\/www.todoeldia.com\/index.php\/wp-json\/wp\/v2\/types\/post"}],"author":[{"embeddable":true,"href":"https:\/\/www.todoeldia.com\/index.php\/wp-json\/wp\/v2\/users\/2"}],"replies":[{"embeddable":true,"href":"https:\/\/www.todoeldia.com\/index.php\/wp-json\/wp\/v2\/comments?post=86970"}],"version-history":[{"count":1,"href":"https:\/\/www.todoeldia.com\/index.php\/wp-json\/wp\/v2\/posts\/86970\/revisions"}],"predecessor-version":[{"id":86972,"href":"https:\/\/www.todoeldia.com\/index.php\/wp-json\/wp\/v2\/posts\/86970\/revisions\/86972"}],"wp:featuredmedia":[{"embeddable":true,"href":"https:\/\/www.todoeldia.com\/index.php\/wp-json\/wp\/v2\/media\/86971"}],"wp:attachment":[{"href":"https:\/\/www.todoeldia.com\/index.php\/wp-json\/wp\/v2\/media?parent=86970"}],"wp:term":[{"taxonomy":"category","embeddable":true,"href":"https:\/\/www.todoeldia.com\/index.php\/wp-json\/wp\/v2\/categories?post=86970"},{"taxonomy":"post_tag","embeddable":true,"href":"https:\/\/www.todoeldia.com\/index.php\/wp-json\/wp\/v2\/tags?post=86970"}],"curies":[{"name":"wp","href":"https:\/\/api.w.org\/{rel}","templated":true}]}}