{"id":86973,"date":"2024-11-15T18:01:56","date_gmt":"2024-11-15T21:01:56","guid":{"rendered":"https:\/\/www.todoeldia.com\/?p=86973"},"modified":"2024-11-15T18:01:56","modified_gmt":"2024-11-15T21:01:56","slug":"alcoholemia-le-dio-positivo-la-mujer-que-lo-acompanaba-dijo-que-soy-prima-del-gobernador-y-se-dieron-a-la-fuga","status":"publish","type":"post","link":"https:\/\/www.todoeldia.com\/index.php\/2024\/11\/15\/alcoholemia-le-dio-positivo-la-mujer-que-lo-acompanaba-dijo-que-soy-prima-del-gobernador-y-se-dieron-a-la-fuga\/","title":{"rendered":"Alcoholemia le dio positivo, la mujer que lo acompa\u00f1aba dijo que \u201csoy prima del gobernador\u201d y se dieron a la fuga"},"content":{"rendered":"\n<p>La mujer que acompa\u00f1aba al conductor dijo que \u201csoy prima del gobernador\u201d, para zafar del secuestro del autom\u00f3vil, un Chevrolet Corsa.<\/p>\n\n\n\n<p><\/p>\n\n\n\n<figure class=\"wp-block-embed is-type-video is-provider-youtube wp-block-embed-youtube wp-embed-aspect-16-9 wp-has-aspect-ratio\"><div class=\"wp-block-embed__wrapper\">\n<div class=\"youtube-embed\" data-video_id=\"\"><iframe loading=\"lazy\" title=\"Conductor con alcoholemia positiva se dio a la fuga en Salta\" width=\"696\" height=\"392\" src=\"https:\/\/www.youtube.com\/embed\/0ZZaLI-vi1U?feature=oembed&#038;enablejsapi=1\" frameborder=\"0\" allow=\"accelerometer; autoplay; clipboard-write; encrypted-media; gyroscope; picture-in-picture; web-share\" referrerpolicy=\"strict-origin-when-cross-origin\" allowfullscreen><\/iframe><\/div>\n<\/div><\/figure>\n\n\n\n<p>El procedimiento lo llevo a cabo esta ma\u00f1ana a las 8 en la esquina de Ameghino y Zuviria la Polic\u00eda de Tr\u00e1nsito de la Municipalidad. El conductor dio positivo con 0,39 de alcohol en sangre cuando hay tolerancia 0 en Salta.<\/p>\n\n\n\n<p>Tanto el conductor como la mujer que lo acompa\u00f1aba se negaron a dejar el veh\u00edculo y mientras esperaban la gr\u00faa se dieron a la fuga, embistiendo los conos colocados en la calle y rozando un auto estacionado.<\/p>\n\n\n\n<p><\/p>\n","protected":false},"excerpt":{"rendered":"<p>La mujer que acompa\u00f1aba al conductor dijo que \u201csoy prima del gobernador\u201d, para zafar del secuestro del autom\u00f3vil, un Chevrolet Corsa. El procedimiento lo llevo a cabo esta ma\u00f1ana a las 8 en la esquina de Ameghino y Zuviria la Polic\u00eda de Tr\u00e1nsito de la Municipalidad. El conductor dio positivo con 0,39 de alcohol en [&hellip;]<\/p>\n","protected":false},"author":2,"featured_media":86974,"comment_status":"open","ping_status":"open","sticky":false,"template":"","format":"standard","meta":{"tdm_status":"","tdm_grid_status":"","_joinchat":[],"footnotes":""},"categories":[63],"tags":[],"class_list":{"0":"post-86973","1":"post","2":"type-post","3":"status-publish","4":"format-standard","5":"has-post-thumbnail","7":"category-policiales"},"amp_enabled":true,"_links":{"self":[{"href":"https:\/\/www.todoeldia.com\/index.php\/wp-json\/wp\/v2\/posts\/86973","targetHints":{"allow":["GET"]}}],"collection":[{"href":"https:\/\/www.todoeldia.com\/index.php\/wp-json\/wp\/v2\/posts"}],"about":[{"href":"https:\/\/www.todoeldia.com\/index.php\/wp-json\/wp\/v2\/types\/post"}],"author":[{"embeddable":true,"href":"https:\/\/www.todoeldia.com\/index.php\/wp-json\/wp\/v2\/users\/2"}],"replies":[{"embeddable":true,"href":"https:\/\/www.todoeldia.com\/index.php\/wp-json\/wp\/v2\/comments?post=86973"}],"version-history":[{"count":1,"href":"https:\/\/www.todoeldia.com\/index.php\/wp-json\/wp\/v2\/posts\/86973\/revisions"}],"predecessor-version":[{"id":86975,"href":"https:\/\/www.todoeldia.com\/index.php\/wp-json\/wp\/v2\/posts\/86973\/revisions\/86975"}],"wp:featuredmedia":[{"embeddable":true,"href":"https:\/\/www.todoeldia.com\/index.php\/wp-json\/wp\/v2\/media\/86974"}],"wp:attachment":[{"href":"https:\/\/www.todoeldia.com\/index.php\/wp-json\/wp\/v2\/media?parent=86973"}],"wp:term":[{"taxonomy":"category","embeddable":true,"href":"https:\/\/www.todoeldia.com\/index.php\/wp-json\/wp\/v2\/categories?post=86973"},{"taxonomy":"post_tag","embeddable":true,"href":"https:\/\/www.todoeldia.com\/index.php\/wp-json\/wp\/v2\/tags?post=86973"}],"curies":[{"name":"wp","href":"https:\/\/api.w.org\/{rel}","templated":true}]}}