{"id":86980,"date":"2024-11-15T18:20:29","date_gmt":"2024-11-15T21:20:29","guid":{"rendered":"https:\/\/www.todoeldia.com\/?p=86980"},"modified":"2024-11-15T18:20:30","modified_gmt":"2024-11-15T21:20:30","slug":"tragico-incendio-en-flores-2-muertos-27-heridos-y-personas-atrapadas-en-la-terraza","status":"publish","type":"post","link":"https:\/\/www.todoeldia.com\/index.php\/2024\/11\/15\/tragico-incendio-en-flores-2-muertos-27-heridos-y-personas-atrapadas-en-la-terraza\/","title":{"rendered":"Tr\u00e1gico incendio en Flores: 2 muertos, 27 heridos y personas atrapadas en la terraza"},"content":{"rendered":"\n<p>Bomberos y personal del SAME trabajaron intensamente en un edificio de 16 pisos de la avenida Varela al 1400. El fuego se inici\u00f3 en el tercer piso y el humo tom\u00f3 toda la construcci\u00f3n<\/p>\n\n\n\n<p>Un feroz incendio tom\u00f3 este viernes el tercer piso de un edificio de Flores y murieron dos personas. Bomberos y personal del SAME trabajaron en el lugar, donde tambi\u00e9n se registraron 27 heridos, dos de los cuales son menores, y durante horas hubo personas en la terraza de la construcci\u00f3n de 16 pisos esperando ser rescatadas.<\/p>\n\n\n\n<figure class=\"wp-block-embed is-type-video is-provider-youtube wp-block-embed-youtube wp-embed-aspect-16-9 wp-has-aspect-ratio\"><div class=\"wp-block-embed__wrapper\">\n<iframe loading=\"lazy\" title=\"Dos personas murieron en un incendio en un edificio de Flores: m\u00e1s de 60 heridos fueron atendidos\" width=\"696\" height=\"392\" src=\"https:\/\/www.youtube.com\/embed\/ugsx3_h9Zb4?feature=oembed\" frameborder=\"0\" allow=\"accelerometer; autoplay; clipboard-write; encrypted-media; gyroscope; picture-in-picture; web-share\" referrerpolicy=\"strict-origin-when-cross-origin\" allowfullscreen><\/iframe>\n<\/div><\/figure>\n\n\n\n<p>&nbsp;\u201cLamentablemente hay dos fallecidos. Uno es un hombre de 43 a\u00f1os que muri\u00f3 en el lugar. Se le hicieron maniobras de reanimaci\u00f3n, pero el hombre no sali\u00f3. Hab\u00eda un humo muy denso que imposibilitaba realmente el trabajo. La otra era una de las habitantes del edificio, una mujer de 50 a\u00f1os que la bajaron en paro los Bomberos de la Ciudad. Nosotros la seguimos masajeando, la llevamos al shock room del Hospital Pi\u00f1ero, la seguimos masajeando, pero lamentablemente la mujer acaba de fallecer\u201d, inform\u00f3 en di\u00e1logo con TN Alberto Crescenti, titular del SAME.<\/p>\n\n\n\n<p>Seg\u00fan lo que se desprende del parte oficial, la mujer fallecida habr\u00eda sido hallada en el suelo e inconsciente en el departamento en el que se inici\u00f3 el incendio.<\/p>\n\n\n\n<p>Crescenti adem\u00e1s indic\u00f3 que se trabaj\u00f3 incluso pasadas un par de horas desde el incidente para rescatar a varias personas que \u201cest\u00e1n en la terraza porque el fuego tom\u00f3 el tercer piso y el humo tom\u00f3 pr\u00e1cticamente todo el edificio, por lo que se hizo muy dif\u00edcil la evacuaci\u00f3n y tuvieron que ir hacia arriba, para estar al aire libre\u201d.<\/p>\n","protected":false},"excerpt":{"rendered":"<p>Bomberos y personal del SAME trabajaron intensamente en un edificio de 16 pisos de la avenida Varela al 1400. El fuego se inici\u00f3 en el tercer piso y el humo tom\u00f3 toda la construcci\u00f3n Un feroz incendio tom\u00f3 este viernes el tercer piso de un edificio de Flores y murieron dos personas. Bomberos y personal [&hellip;]<\/p>\n","protected":false},"author":2,"featured_media":86981,"comment_status":"open","ping_status":"open","sticky":false,"template":"","format":"standard","meta":{"tdm_status":"","tdm_grid_status":"","_joinchat":[],"footnotes":""},"categories":[73],"tags":[],"class_list":{"0":"post-86980","1":"post","2":"type-post","3":"status-publish","4":"format-standard","5":"has-post-thumbnail","7":"category-noticias-general"},"amp_enabled":true,"_links":{"self":[{"href":"https:\/\/www.todoeldia.com\/index.php\/wp-json\/wp\/v2\/posts\/86980","targetHints":{"allow":["GET"]}}],"collection":[{"href":"https:\/\/www.todoeldia.com\/index.php\/wp-json\/wp\/v2\/posts"}],"about":[{"href":"https:\/\/www.todoeldia.com\/index.php\/wp-json\/wp\/v2\/types\/post"}],"author":[{"embeddable":true,"href":"https:\/\/www.todoeldia.com\/index.php\/wp-json\/wp\/v2\/users\/2"}],"replies":[{"embeddable":true,"href":"https:\/\/www.todoeldia.com\/index.php\/wp-json\/wp\/v2\/comments?post=86980"}],"version-history":[{"count":1,"href":"https:\/\/www.todoeldia.com\/index.php\/wp-json\/wp\/v2\/posts\/86980\/revisions"}],"predecessor-version":[{"id":86982,"href":"https:\/\/www.todoeldia.com\/index.php\/wp-json\/wp\/v2\/posts\/86980\/revisions\/86982"}],"wp:featuredmedia":[{"embeddable":true,"href":"https:\/\/www.todoeldia.com\/index.php\/wp-json\/wp\/v2\/media\/86981"}],"wp:attachment":[{"href":"https:\/\/www.todoeldia.com\/index.php\/wp-json\/wp\/v2\/media?parent=86980"}],"wp:term":[{"taxonomy":"category","embeddable":true,"href":"https:\/\/www.todoeldia.com\/index.php\/wp-json\/wp\/v2\/categories?post=86980"},{"taxonomy":"post_tag","embeddable":true,"href":"https:\/\/www.todoeldia.com\/index.php\/wp-json\/wp\/v2\/tags?post=86980"}],"curies":[{"name":"wp","href":"https:\/\/api.w.org\/{rel}","templated":true}]}}