{"id":87003,"date":"2024-11-16T13:11:39","date_gmt":"2024-11-16T16:11:39","guid":{"rendered":"https:\/\/www.todoeldia.com\/?p=87003"},"modified":"2024-11-16T13:33:59","modified_gmt":"2024-11-16T16:33:59","slug":"tras-su-renuncia-a-tn-sergio-lapegue-confirmo-su-llegada-a-america-tv-no-mas-noticieros","status":"publish","type":"post","link":"https:\/\/www.todoeldia.com\/index.php\/2024\/11\/16\/tras-su-renuncia-a-tn-sergio-lapegue-confirmo-su-llegada-a-america-tv-no-mas-noticieros\/","title":{"rendered":"Tras su renuncia a TN, Sergio Lapeg\u00fce confirm\u00f3 su llegada a Am\u00e9rica TV: \u201cNo m\u00e1s noticieros\u201d"},"content":{"rendered":"\n<p>El periodista dialog\u00f3 con Clar\u00edn y expres\u00f3 su felicidad por haber tomado esa decisi\u00f3n para su carrera profesional.<\/p>\n\n\n\n<p>&#8220;Ten\u00eda ganas de emprender un cambio&#8221;, asegur\u00f3 el conductor.<\/p>\n\n\n\n<p>Luego de que trascendiera que Sergio Lapeg\u00fce renunci\u00f3 a TN tras 34 a\u00f1os en el canal, Clar\u00edn se comunic\u00f3 con el conductor quien, en ese preciso momento hab\u00eda terminado de firmar \u201cuno de sus contratos con Am\u00e9rica\u201d. Emocionado, cont\u00f3 detalles de este momento tan especial.<\/p>\n\n\n\n<figure class=\"wp-block-image size-large\"><img loading=\"lazy\" decoding=\"async\" width=\"1024\" height=\"505\" src=\"https:\/\/www.todoeldia.com\/wp-content\/uploads\/2024\/11\/image-124-1024x505.png\" alt=\"\" class=\"wp-image-87005\" srcset=\"https:\/\/www.todoeldia.com\/wp-content\/uploads\/2024\/11\/image-124-1024x505.png 1024w, https:\/\/www.todoeldia.com\/wp-content\/uploads\/2024\/11\/image-124-300x148.png 300w, https:\/\/www.todoeldia.com\/wp-content\/uploads\/2024\/11\/image-124-768x379.png 768w, https:\/\/www.todoeldia.com\/wp-content\/uploads\/2024\/11\/image-124-851x420.png 851w, https:\/\/www.todoeldia.com\/wp-content\/uploads\/2024\/11\/image-124-696x344.png 696w, https:\/\/www.todoeldia.com\/wp-content\/uploads\/2024\/11\/image-124-1068x527.png 1068w, https:\/\/www.todoeldia.com\/wp-content\/uploads\/2024\/11\/image-124-324x160.png 324w, https:\/\/www.todoeldia.com\/wp-content\/uploads\/2024\/11\/image-124.png 1256w\" sizes=\"auto, (max-width: 1024px) 100vw, 1024px\" \/><\/figure>\n\n\n\n<p>\u201cRenunci\u00e9 a TN\u201d, comienza diciendo el periodista. Aunque aclara que continuar\u00e1 en la pantalla de la mencionada se\u00f1al hasta mediados de diciembre \u201cpor responsabilidad y por pedido del canal\u201d.<\/p>\n\n\n\n<p>\u201cMe voy con alegr\u00eda a pesar de que es una decisi\u00f3n dif\u00edcil la que tom\u00e9\u201d, se sincer\u00f3 el conductor.<\/p>\n\n\n\n<p>Y con \u201cdecisi\u00f3n dif\u00edcil\u201d, Sergio no se refiere s\u00f3lo al cambio de canal, sino tambi\u00e9n a elegir otros formatos distintos a los que ha venido haciendo durante tantos a\u00f1os. &#8220;Por ahora no m\u00e1s noticiero&#8221;, dice Lapeg\u00fce.<\/p>\n\n\n\n<p>\u201cEs una decisi\u00f3n que vengo pensando hace mucho tiempo y que tiene que ver un poco con dejar un noticiero pero armar otro tipo de programa, sin dejar de lado las noticias porque es lo que amo y voy a ser periodista toda la vida\u201d, cuenta.<\/p>\n\n\n\n<p>Y a\u00f1ade: \u201cMe siento feliz por la decisi\u00f3n que tom\u00e9. Ten\u00eda ganas de emprender un cambio. Es un desaf\u00edo el salir de la zona de confort\u201d<\/p>\n\n\n\n<p>\u201cEstoy feliz por todo el camino recorrido. Son 34 a\u00f1os en los que crec\u00ed en una empresa desde lo m\u00e1s b\u00e1sico hasta estar en el noticiero m\u00e1s visto del pa\u00eds durante 10 a\u00f1os seguidos a la ma\u00f1ana\u201d, explica con emoci\u00f3n.<\/p>\n\n\n\n<p>\u201cEstoy feliz por la cantidad de amigos que he construido en esta empresa&#8221;, precisa.<\/p>\n\n\n\n<p>Y detalla: &#8220;Me voy con la mejor relaci\u00f3n con mis amigos de Tempraneros, con mis jefes. Ellos quer\u00edan que yo me quede, pero entendieron que es una decisi\u00f3n m\u00eda y personal. La decisi\u00f3n de dar un paso al costado fue absolutamente m\u00eda. Me voy con la mejor relaci\u00f3n con ellos&#8221;.<\/p>\n\n\n\n<p>Cabe destacar que aunque cambia de canal, Sergio seguir\u00e1 al frente de Atardecer de un d\u00eda agitado, su ciclo radial en La 100, donde lidera su franja horaria.<\/p>\n","protected":false},"excerpt":{"rendered":"<p>El periodista dialog\u00f3 con Clar\u00edn y expres\u00f3 su felicidad por haber tomado esa decisi\u00f3n para su carrera profesional. &#8220;Ten\u00eda ganas de emprender un cambio&#8221;, asegur\u00f3 el conductor. Luego de que trascendiera que Sergio Lapeg\u00fce renunci\u00f3 a TN tras 34 a\u00f1os en el canal, Clar\u00edn se comunic\u00f3 con el conductor quien, en ese preciso momento hab\u00eda [&hellip;]<\/p>\n","protected":false},"author":2,"featured_media":87004,"comment_status":"open","ping_status":"open","sticky":false,"template":"","format":"standard","meta":{"tdm_status":"","tdm_grid_status":"","_joinchat":[],"footnotes":""},"categories":[120],"tags":[],"class_list":{"0":"post-87003","1":"post","2":"type-post","3":"status-publish","4":"format-standard","5":"has-post-thumbnail","7":"category-espectaculos-2"},"amp_enabled":true,"_links":{"self":[{"href":"https:\/\/www.todoeldia.com\/index.php\/wp-json\/wp\/v2\/posts\/87003","targetHints":{"allow":["GET"]}}],"collection":[{"href":"https:\/\/www.todoeldia.com\/index.php\/wp-json\/wp\/v2\/posts"}],"about":[{"href":"https:\/\/www.todoeldia.com\/index.php\/wp-json\/wp\/v2\/types\/post"}],"author":[{"embeddable":true,"href":"https:\/\/www.todoeldia.com\/index.php\/wp-json\/wp\/v2\/users\/2"}],"replies":[{"embeddable":true,"href":"https:\/\/www.todoeldia.com\/index.php\/wp-json\/wp\/v2\/comments?post=87003"}],"version-history":[{"count":1,"href":"https:\/\/www.todoeldia.com\/index.php\/wp-json\/wp\/v2\/posts\/87003\/revisions"}],"predecessor-version":[{"id":87006,"href":"https:\/\/www.todoeldia.com\/index.php\/wp-json\/wp\/v2\/posts\/87003\/revisions\/87006"}],"wp:featuredmedia":[{"embeddable":true,"href":"https:\/\/www.todoeldia.com\/index.php\/wp-json\/wp\/v2\/media\/87004"}],"wp:attachment":[{"href":"https:\/\/www.todoeldia.com\/index.php\/wp-json\/wp\/v2\/media?parent=87003"}],"wp:term":[{"taxonomy":"category","embeddable":true,"href":"https:\/\/www.todoeldia.com\/index.php\/wp-json\/wp\/v2\/categories?post=87003"},{"taxonomy":"post_tag","embeddable":true,"href":"https:\/\/www.todoeldia.com\/index.php\/wp-json\/wp\/v2\/tags?post=87003"}],"curies":[{"name":"wp","href":"https:\/\/api.w.org\/{rel}","templated":true}]}}