{"id":87007,"date":"2024-11-16T13:34:44","date_gmt":"2024-11-16T16:34:44","guid":{"rendered":"https:\/\/www.todoeldia.com\/?p=87007"},"modified":"2024-11-16T13:34:44","modified_gmt":"2024-11-16T16:34:44","slug":"un-muerto-y-varios-heridos-en-un-enfrentamiento-en-b-alta-tension","status":"publish","type":"post","link":"https:\/\/www.todoeldia.com\/index.php\/2024\/11\/16\/un-muerto-y-varios-heridos-en-un-enfrentamiento-en-b-alta-tension\/","title":{"rendered":"Un muerto y varios heridos en un enfrentamiento en B\u00b0 Alta Tensi\u00f3n"},"content":{"rendered":"\n<p>El hecho se produjo este s\u00e1bado en el barrio de la zona oeste de la Ciudad. Hay tres personas detenidas.<\/p>\n\n\n\n<p>El fiscal penal 2 de la Unidad de Graves Atentados contra las Personas en turno, Gabriel Gonz\u00e1lez, tom\u00f3 intervenci\u00f3n este s\u00e1bado tras el reporte de un hecho ocurrido en la zona oeste de la ciudad de Salta, en barrio Alta Tensi\u00f3n, donde un hombre perdi\u00f3 la vida y otras personas resultaron lesionadas.<\/p>\n\n\n\n<p>El fiscal Gonz\u00e1lez dispuso el trabajo del Cuerpo de Investigaciones Fiscales en el lugar, para realizar las medidas de rigor y el traslado del cuerpo del fallecido al Servicio de Tanatolog\u00eda Forense del CIF para la autopsia, que permitir\u00e1 determinar la causa del deceso.<\/p>\n\n\n\n<p>Las personas lesionadas fueron trasladadas al hospital San Bernardo, donde fueron asistidas.<\/p>\n\n\n\n<p>Del trabajo que realiza personal de la Unidad de Investigaci\u00f3n UGAP, se logr\u00f3 la detenci\u00f3n de tres personas como sospechosas de haber tenido participaci\u00f3n en el hecho.<\/p>\n\n\n\n<p>Gonz\u00e1lez afirm\u00f3 que se trabaja en el esclarecimiento del hecho y en determinar las circunstancias en que se produjo. La imputaci\u00f3n de los detenidos se concretar\u00e1 el pr\u00f3ximo lunes.<\/p>\n","protected":false},"excerpt":{"rendered":"<p>El hecho se produjo este s\u00e1bado en el barrio de la zona oeste de la Ciudad. Hay tres personas detenidas. El fiscal penal 2 de la Unidad de Graves Atentados contra las Personas en turno, Gabriel Gonz\u00e1lez, tom\u00f3 intervenci\u00f3n este s\u00e1bado tras el reporte de un hecho ocurrido en la zona oeste de la ciudad [&hellip;]<\/p>\n","protected":false},"author":2,"featured_media":37195,"comment_status":"open","ping_status":"open","sticky":false,"template":"","format":"standard","meta":{"tdm_status":"","tdm_grid_status":"","_joinchat":[],"footnotes":""},"categories":[63],"tags":[],"class_list":{"0":"post-87007","1":"post","2":"type-post","3":"status-publish","4":"format-standard","5":"has-post-thumbnail","7":"category-policiales"},"amp_enabled":true,"_links":{"self":[{"href":"https:\/\/www.todoeldia.com\/index.php\/wp-json\/wp\/v2\/posts\/87007","targetHints":{"allow":["GET"]}}],"collection":[{"href":"https:\/\/www.todoeldia.com\/index.php\/wp-json\/wp\/v2\/posts"}],"about":[{"href":"https:\/\/www.todoeldia.com\/index.php\/wp-json\/wp\/v2\/types\/post"}],"author":[{"embeddable":true,"href":"https:\/\/www.todoeldia.com\/index.php\/wp-json\/wp\/v2\/users\/2"}],"replies":[{"embeddable":true,"href":"https:\/\/www.todoeldia.com\/index.php\/wp-json\/wp\/v2\/comments?post=87007"}],"version-history":[{"count":1,"href":"https:\/\/www.todoeldia.com\/index.php\/wp-json\/wp\/v2\/posts\/87007\/revisions"}],"predecessor-version":[{"id":87008,"href":"https:\/\/www.todoeldia.com\/index.php\/wp-json\/wp\/v2\/posts\/87007\/revisions\/87008"}],"wp:featuredmedia":[{"embeddable":true,"href":"https:\/\/www.todoeldia.com\/index.php\/wp-json\/wp\/v2\/media\/37195"}],"wp:attachment":[{"href":"https:\/\/www.todoeldia.com\/index.php\/wp-json\/wp\/v2\/media?parent=87007"}],"wp:term":[{"taxonomy":"category","embeddable":true,"href":"https:\/\/www.todoeldia.com\/index.php\/wp-json\/wp\/v2\/categories?post=87007"},{"taxonomy":"post_tag","embeddable":true,"href":"https:\/\/www.todoeldia.com\/index.php\/wp-json\/wp\/v2\/tags?post=87007"}],"curies":[{"name":"wp","href":"https:\/\/api.w.org\/{rel}","templated":true}]}}