{"id":87009,"date":"2024-11-16T13:46:20","date_gmt":"2024-11-16T16:46:20","guid":{"rendered":"https:\/\/www.todoeldia.com\/?p=87009"},"modified":"2024-11-16T13:46:21","modified_gmt":"2024-11-16T16:46:21","slug":"la-vida-de-emilia-attias-tras-la-separacion-cambio-de-look-y-la-llegada-de-un-nuevo-amor","status":"publish","type":"post","link":"https:\/\/www.todoeldia.com\/index.php\/2024\/11\/16\/la-vida-de-emilia-attias-tras-la-separacion-cambio-de-look-y-la-llegada-de-un-nuevo-amor\/","title":{"rendered":"La vida de Emilia Attias tras la separaci\u00f3n: cambio de look y la llegada de un nuevo amor"},"content":{"rendered":"\n<p>En mayo pasado, anunciaron con el Turco Naim el fin de una relaci\u00f3n de veinte a\u00f1os y una hija en com\u00fan. Desde entonces, la actriz cambi\u00f3 su perfil y se mostr\u00f3 activa como nunca antes. El sost\u00e9n afectivo y emocional de sus amigos y la maternidad full time como cable a tierra.<\/p>\n\n\n\n<figure class=\"wp-block-image size-large\"><img loading=\"lazy\" decoding=\"async\" width=\"1024\" height=\"577\" src=\"https:\/\/www.todoeldia.com\/wp-content\/uploads\/2024\/11\/image-125-1024x577.png\" alt=\"\" class=\"wp-image-87011\" srcset=\"https:\/\/www.todoeldia.com\/wp-content\/uploads\/2024\/11\/image-125-1024x577.png 1024w, https:\/\/www.todoeldia.com\/wp-content\/uploads\/2024\/11\/image-125-300x169.png 300w, https:\/\/www.todoeldia.com\/wp-content\/uploads\/2024\/11\/image-125-768x433.png 768w, https:\/\/www.todoeldia.com\/wp-content\/uploads\/2024\/11\/image-125-746x420.png 746w, https:\/\/www.todoeldia.com\/wp-content\/uploads\/2024\/11\/image-125-696x392.png 696w, https:\/\/www.todoeldia.com\/wp-content\/uploads\/2024\/11\/image-125-1068x602.png 1068w, https:\/\/www.todoeldia.com\/wp-content\/uploads\/2024\/11\/image-125.png 1200w\" sizes=\"auto, (max-width: 1024px) 100vw, 1024px\" \/><\/figure>\n\n\n\n<p>Emilia Attias se encuentra en una etapa de cambios y a juzgar por sus actos est\u00e1 dispuesta a experimentarlos al m\u00e1ximo. A cinco meses de anunciar su separaci\u00f3n del Turco Naim despu\u00e9s de 20 a\u00f1os y una hija en com\u00fan, la reconocida actriz y modelo argentina decidi\u00f3 trazar un nuevo rumbo en su carrera y en su vida personal. A los 36 a\u00f1os, muestra su determinaci\u00f3n por dejar atr\u00e1s el pasado y encarar con energ\u00eda una etapa marcada por el crecimiento profesional, un cambio de imagen y el inicio de una relaci\u00f3n amorosa.<\/p>\n\n\n\n<figure class=\"wp-block-image size-full is-resized\"><img loading=\"lazy\" decoding=\"async\" width=\"400\" height=\"600\" src=\"https:\/\/www.todoeldia.com\/wp-content\/uploads\/2024\/11\/emilia-attias1.jpg\" alt=\"\" class=\"wp-image-87012\" style=\"width:703px;height:auto\" srcset=\"https:\/\/www.todoeldia.com\/wp-content\/uploads\/2024\/11\/emilia-attias1.jpg 400w, https:\/\/www.todoeldia.com\/wp-content\/uploads\/2024\/11\/emilia-attias1-200x300.jpg 200w, https:\/\/www.todoeldia.com\/wp-content\/uploads\/2024\/11\/emilia-attias1-280x420.jpg 280w, https:\/\/www.todoeldia.com\/wp-content\/uploads\/2024\/11\/emilia-attias1-300x450.jpg 300w\" sizes=\"auto, (max-width: 400px) 100vw, 400px\" \/><\/figure>\n\n\n\n<p>Desde sus inicios en la industria, Attias supo destacarse por su belleza, su talento y su estilo \u00fanico, y en este contexto su figura volvi\u00f3 a cobrar relevancia en el mundo del entretenimiento y la moda. Con el pelo renovado, ahora un poco m\u00e1s corto y con suaves ondas rubias, la actriz se mostr\u00f3 en las redes sociales y caus\u00f3 furor entre sus seguidores, quienes r\u00e1pidamente elogiaron su look y su audacia. Tambi\u00e9n se anim\u00f3 a un estilo retro al estilo Hollywood y jug\u00f3 a ser Marilyn Monroe, al menos en la imaginaci\u00f3n de sus fans, que la llenaron de elogios.<\/p>\n\n\n\n<figure class=\"wp-block-image size-full is-resized\"><img loading=\"lazy\" decoding=\"async\" width=\"560\" height=\"700\" src=\"https:\/\/www.todoeldia.com\/wp-content\/uploads\/2024\/11\/emilia-attias2.jpg\" alt=\"\" class=\"wp-image-87013\" style=\"width:703px;height:auto\" srcset=\"https:\/\/www.todoeldia.com\/wp-content\/uploads\/2024\/11\/emilia-attias2.jpg 560w, https:\/\/www.todoeldia.com\/wp-content\/uploads\/2024\/11\/emilia-attias2-240x300.jpg 240w, https:\/\/www.todoeldia.com\/wp-content\/uploads\/2024\/11\/emilia-attias2-336x420.jpg 336w, https:\/\/www.todoeldia.com\/wp-content\/uploads\/2024\/11\/emilia-attias2-300x375.jpg 300w\" sizes=\"auto, (max-width: 560px) 100vw, 560px\" \/><\/figure>\n\n\n\n<p>\u201cEn este momento, decido enfocarme en m\u00ed, en mis proyectos y en mi hija. Es un proceso de renovaci\u00f3n\u201d, coment\u00f3 Attias en una entrevista reciente con LAM, en la que habl\u00f3 de este reseteo para lo que viene. Esta etapa de su vida, llena de desaf\u00edos y oportunidades, la mantiene ocupada, no solo en Argentina sino tambi\u00e9n en el extranjero, donde su pasaporte acumul\u00f3 unos cuantos sellos en el \u00faltimo tiempo.<\/p>\n","protected":false},"excerpt":{"rendered":"<p>En mayo pasado, anunciaron con el Turco Naim el fin de una relaci\u00f3n de veinte a\u00f1os y una hija en com\u00fan. Desde entonces, la actriz cambi\u00f3 su perfil y se mostr\u00f3 activa como nunca antes. El sost\u00e9n afectivo y emocional de sus amigos y la maternidad full time como cable a tierra. Emilia Attias se [&hellip;]<\/p>\n","protected":false},"author":2,"featured_media":87010,"comment_status":"open","ping_status":"open","sticky":false,"template":"","format":"standard","meta":{"tdm_status":"","tdm_grid_status":"","_joinchat":[],"footnotes":""},"categories":[120],"tags":[],"class_list":{"0":"post-87009","1":"post","2":"type-post","3":"status-publish","4":"format-standard","5":"has-post-thumbnail","7":"category-espectaculos-2"},"amp_enabled":true,"_links":{"self":[{"href":"https:\/\/www.todoeldia.com\/index.php\/wp-json\/wp\/v2\/posts\/87009","targetHints":{"allow":["GET"]}}],"collection":[{"href":"https:\/\/www.todoeldia.com\/index.php\/wp-json\/wp\/v2\/posts"}],"about":[{"href":"https:\/\/www.todoeldia.com\/index.php\/wp-json\/wp\/v2\/types\/post"}],"author":[{"embeddable":true,"href":"https:\/\/www.todoeldia.com\/index.php\/wp-json\/wp\/v2\/users\/2"}],"replies":[{"embeddable":true,"href":"https:\/\/www.todoeldia.com\/index.php\/wp-json\/wp\/v2\/comments?post=87009"}],"version-history":[{"count":1,"href":"https:\/\/www.todoeldia.com\/index.php\/wp-json\/wp\/v2\/posts\/87009\/revisions"}],"predecessor-version":[{"id":87014,"href":"https:\/\/www.todoeldia.com\/index.php\/wp-json\/wp\/v2\/posts\/87009\/revisions\/87014"}],"wp:featuredmedia":[{"embeddable":true,"href":"https:\/\/www.todoeldia.com\/index.php\/wp-json\/wp\/v2\/media\/87010"}],"wp:attachment":[{"href":"https:\/\/www.todoeldia.com\/index.php\/wp-json\/wp\/v2\/media?parent=87009"}],"wp:term":[{"taxonomy":"category","embeddable":true,"href":"https:\/\/www.todoeldia.com\/index.php\/wp-json\/wp\/v2\/categories?post=87009"},{"taxonomy":"post_tag","embeddable":true,"href":"https:\/\/www.todoeldia.com\/index.php\/wp-json\/wp\/v2\/tags?post=87009"}],"curies":[{"name":"wp","href":"https:\/\/api.w.org\/{rel}","templated":true}]}}