{"id":87134,"date":"2024-11-19T14:03:30","date_gmt":"2024-11-19T17:03:30","guid":{"rendered":"https:\/\/www.todoeldia.com\/?p=87134"},"modified":"2024-11-19T14:03:30","modified_gmt":"2024-11-19T17:03:30","slug":"prision-preventiva-para-los-dos-imputados-por-el-homicidio-de-un-hombre-de-33-anos-en-villa-juanita","status":"publish","type":"post","link":"https:\/\/www.todoeldia.com\/index.php\/2024\/11\/19\/prision-preventiva-para-los-dos-imputados-por-el-homicidio-de-un-hombre-de-33-anos-en-villa-juanita\/","title":{"rendered":"Prisi\u00f3n preventiva para los dos imputados por el homicidio de un hombre de 33 a\u00f1os en Villa Juanita"},"content":{"rendered":"\n<p>El hecho ocurri\u00f3 el pasado domingo en ampliaci\u00f3n Villa Juanita, donde un hombre fue lesionado con un arma cortante y falleci\u00f3 antes de poder ser asistido.<\/p>\n\n\n\n<p>El fiscal penal 2 de la Unidad de Graves Atentados contra las Personas en turno, Gabriel Gonz\u00e1lez, imput\u00f3 de forma provisional a dos hombres de 22 a\u00f1os como coautores del delito de homicidio simple.<\/p>\n\n\n\n<p>Durante la audiencia de imputaci\u00f3n, ambos fueron asistidos por defensa oficial. Uno de ellos se abstuvo de declarar, mientras que el otro imputado prest\u00f3 declaraci\u00f3n, negando su participaci\u00f3n en el hecho. Desde la Fiscal\u00eda se solicit\u00f3 al Juzgado de Garant\u00edas 7 del distrito Centro, la prisi\u00f3n preventiva de ambos.<\/p>\n\n\n\n<p>El pasado domingo, en horas de la ma\u00f1ana, se report\u00f3 la presencia de un hombre lesionado en Ampliaci\u00f3n de Villa Juanita, zona sudeste de la ciudad de Salta.<\/p>\n\n\n\n<p>El hombre de 33 a\u00f1os se encontraba tendido en la v\u00eda p\u00fablica y al llegar el SAMEC, se constat\u00f3 que se encontraba sin signos vitales.<\/p>\n\n\n\n<p>El fiscal Gonz\u00e1lez se constituy\u00f3 en el lugar para coordinar las tareas del personal de Criminal\u00edstica del CIF y de la Unidad de Investigaci\u00f3n UGAP y dispuso que el cuerpo sea trasladado al Servicio de Tanatolog\u00eda Forense del CIF, para realizar la autopsia.<\/p>\n\n\n\n<p>Con la intervenci\u00f3n de personal de la Unidad de Investigaci\u00f3n UGAP, se logr\u00f3 la detenci\u00f3n de los dos imputados como sospechosos de haber tenido participaci\u00f3n en el hecho.<\/p>\n","protected":false},"excerpt":{"rendered":"<p>El hecho ocurri\u00f3 el pasado domingo en ampliaci\u00f3n Villa Juanita, donde un hombre fue lesionado con un arma cortante y falleci\u00f3 antes de poder ser asistido. El fiscal penal 2 de la Unidad de Graves Atentados contra las Personas en turno, Gabriel Gonz\u00e1lez, imput\u00f3 de forma provisional a dos hombres de 22 a\u00f1os como coautores [&hellip;]<\/p>\n","protected":false},"author":2,"featured_media":35303,"comment_status":"open","ping_status":"open","sticky":false,"template":"","format":"standard","meta":{"tdm_status":"","tdm_grid_status":"","_joinchat":[],"footnotes":""},"categories":[63],"tags":[],"class_list":{"0":"post-87134","1":"post","2":"type-post","3":"status-publish","4":"format-standard","5":"has-post-thumbnail","7":"category-policiales"},"amp_enabled":true,"_links":{"self":[{"href":"https:\/\/www.todoeldia.com\/index.php\/wp-json\/wp\/v2\/posts\/87134","targetHints":{"allow":["GET"]}}],"collection":[{"href":"https:\/\/www.todoeldia.com\/index.php\/wp-json\/wp\/v2\/posts"}],"about":[{"href":"https:\/\/www.todoeldia.com\/index.php\/wp-json\/wp\/v2\/types\/post"}],"author":[{"embeddable":true,"href":"https:\/\/www.todoeldia.com\/index.php\/wp-json\/wp\/v2\/users\/2"}],"replies":[{"embeddable":true,"href":"https:\/\/www.todoeldia.com\/index.php\/wp-json\/wp\/v2\/comments?post=87134"}],"version-history":[{"count":1,"href":"https:\/\/www.todoeldia.com\/index.php\/wp-json\/wp\/v2\/posts\/87134\/revisions"}],"predecessor-version":[{"id":87135,"href":"https:\/\/www.todoeldia.com\/index.php\/wp-json\/wp\/v2\/posts\/87134\/revisions\/87135"}],"wp:featuredmedia":[{"embeddable":true,"href":"https:\/\/www.todoeldia.com\/index.php\/wp-json\/wp\/v2\/media\/35303"}],"wp:attachment":[{"href":"https:\/\/www.todoeldia.com\/index.php\/wp-json\/wp\/v2\/media?parent=87134"}],"wp:term":[{"taxonomy":"category","embeddable":true,"href":"https:\/\/www.todoeldia.com\/index.php\/wp-json\/wp\/v2\/categories?post=87134"},{"taxonomy":"post_tag","embeddable":true,"href":"https:\/\/www.todoeldia.com\/index.php\/wp-json\/wp\/v2\/tags?post=87134"}],"curies":[{"name":"wp","href":"https:\/\/api.w.org\/{rel}","templated":true}]}}