{"id":87136,"date":"2024-11-19T14:08:53","date_gmt":"2024-11-19T17:08:53","guid":{"rendered":"https:\/\/www.todoeldia.com\/?p=87136"},"modified":"2024-11-19T14:08:53","modified_gmt":"2024-11-19T17:08:53","slug":"muratore-intimo-a-los-bomberos-por-decir-que-habia-fallas-en-el-sistema-contra-incendios-en-el-mercado","status":"publish","type":"post","link":"https:\/\/www.todoeldia.com\/index.php\/2024\/11\/19\/muratore-intimo-a-los-bomberos-por-decir-que-habia-fallas-en-el-sistema-contra-incendios-en-el-mercado\/","title":{"rendered":"Muratore intim\u00f3 a los Bomberos por decir que hab\u00eda fallas en el sistema contra incendios en el mercado"},"content":{"rendered":"\n<p>El jefe del cuartel \u201cMart\u00edn Miguen de G\u00fcemes\u201d, Walter Ch\u00e1vez, dijo por Profesional que la carta documento que recibieron est\u00e1 firmada por Jos\u00e9 Pepe Muratore, luego de que denunciaran la falta de un sistema contra incendios en el predio.<\/p>\n\n\n\n<p>Tras el incendio de gran magnitud que consumi\u00f3 la mitad del Mercado San Miguel el Jefe de Bomberos Voluntarios, Walter Ch\u00e1vez, se refiri\u00f3 a las causas del siniestro y manifest\u00f3 en varias oportunidades que el predio ten\u00eda falencias estructurales y carencia de medidas de seguridad.<\/p>\n\n\n\n<p>En ese marco, este fin de semana trascendi\u00f3 que el administrador del mercado, Jos\u00e9 \u201cPepe\u201d Muratore, le envi\u00f3 a Ch\u00e1vez una carta documento solicitando que \u201cse retracte de sus dichos\u201d, entre otros pedidos.<\/p>\n\n\n\n<figure class=\"wp-block-image size-full\"><img loading=\"lazy\" decoding=\"async\" width=\"693\" height=\"462\" src=\"https:\/\/www.todoeldia.com\/wp-content\/uploads\/2024\/11\/incendio-mercado-san-miguel.jpg\" alt=\"\" class=\"wp-image-86398\" srcset=\"https:\/\/www.todoeldia.com\/wp-content\/uploads\/2024\/11\/incendio-mercado-san-miguel.jpg 693w, https:\/\/www.todoeldia.com\/wp-content\/uploads\/2024\/11\/incendio-mercado-san-miguel-300x200.jpg 300w, https:\/\/www.todoeldia.com\/wp-content\/uploads\/2024\/11\/incendio-mercado-san-miguel-630x420.jpg 630w\" sizes=\"auto, (max-width: 693px) 100vw, 693px\" \/><\/figure>\n\n\n\n<p>Al respecto, el jefe del cuartel de Bomberos Mart\u00edn Miguel de G\u00fcemes expres\u00f3 por Profesional su intenci\u00f3n de sostener sus dichos y reiter\u00f3 que si el lugar hubiera contado con las medidas de seguridad correspondientes el da\u00f1o podr\u00eda haber sido menor.<\/p>\n\n\n\n<p>En esa l\u00ednea, se\u00f1al\u00f3 que tras recibir el documento se comunic\u00f3 con el intendente capitalino quien le dijo que \u201cno le lleve el apunte\u201d a Muratore.<\/p>\n\n\n\n<p>Asimismo, Ch\u00e1vez sostuvo que en el escrito Muratore tambi\u00e9n pide que deje de emitir su parecer sobre el incidente, al tiempo que revel\u00f3 que hace tiempo abord\u00f3 con el administrador del mercado la cuesti\u00f3n de contar con una red contra incendios, la cual se compone de un conjunto de elementos con los que se pretende evitar o controlar un incendio de forma segura y eficiente.<\/p>\n\n\n\n<p>En ese sentido, expres\u00f3 que en el lugar no se realizaron las inversiones necesarias para contar con dicha red, y de hacerlo insisti\u00f3 con que el da\u00f1o \u201ctal vez hubiese sido menor\u201d.<\/p>\n","protected":false},"excerpt":{"rendered":"<p>El jefe del cuartel \u201cMart\u00edn Miguen de G\u00fcemes\u201d, Walter Ch\u00e1vez, dijo por Profesional que la carta documento que recibieron est\u00e1 firmada por Jos\u00e9 Pepe Muratore, luego de que denunciaran la falta de un sistema contra incendios en el predio. Tras el incendio de gran magnitud que consumi\u00f3 la mitad del Mercado San Miguel el Jefe [&hellip;]<\/p>\n","protected":false},"author":2,"featured_media":87137,"comment_status":"open","ping_status":"open","sticky":false,"template":"","format":"standard","meta":{"tdm_status":"","tdm_grid_status":"","_joinchat":[],"footnotes":""},"categories":[63],"tags":[],"class_list":{"0":"post-87136","1":"post","2":"type-post","3":"status-publish","4":"format-standard","5":"has-post-thumbnail","7":"category-policiales"},"amp_enabled":true,"_links":{"self":[{"href":"https:\/\/www.todoeldia.com\/index.php\/wp-json\/wp\/v2\/posts\/87136","targetHints":{"allow":["GET"]}}],"collection":[{"href":"https:\/\/www.todoeldia.com\/index.php\/wp-json\/wp\/v2\/posts"}],"about":[{"href":"https:\/\/www.todoeldia.com\/index.php\/wp-json\/wp\/v2\/types\/post"}],"author":[{"embeddable":true,"href":"https:\/\/www.todoeldia.com\/index.php\/wp-json\/wp\/v2\/users\/2"}],"replies":[{"embeddable":true,"href":"https:\/\/www.todoeldia.com\/index.php\/wp-json\/wp\/v2\/comments?post=87136"}],"version-history":[{"count":1,"href":"https:\/\/www.todoeldia.com\/index.php\/wp-json\/wp\/v2\/posts\/87136\/revisions"}],"predecessor-version":[{"id":87138,"href":"https:\/\/www.todoeldia.com\/index.php\/wp-json\/wp\/v2\/posts\/87136\/revisions\/87138"}],"wp:featuredmedia":[{"embeddable":true,"href":"https:\/\/www.todoeldia.com\/index.php\/wp-json\/wp\/v2\/media\/87137"}],"wp:attachment":[{"href":"https:\/\/www.todoeldia.com\/index.php\/wp-json\/wp\/v2\/media?parent=87136"}],"wp:term":[{"taxonomy":"category","embeddable":true,"href":"https:\/\/www.todoeldia.com\/index.php\/wp-json\/wp\/v2\/categories?post=87136"},{"taxonomy":"post_tag","embeddable":true,"href":"https:\/\/www.todoeldia.com\/index.php\/wp-json\/wp\/v2\/tags?post=87136"}],"curies":[{"name":"wp","href":"https:\/\/api.w.org\/{rel}","templated":true}]}}